{"id":82758,"date":"2020-04-17T19:32:00","date_gmt":"2020-04-17T23:32:00","guid":{"rendered":"https:\/\/linitiative.ca\/International\/trump-veut-un-redemarrage-en-trois-etapes\/"},"modified":"2020-04-17T19:32:00","modified_gmt":"2020-04-17T23:32:00","slug":"trump-veut-un-redemarrage-en-trois-etapes","status":"publish","type":"post","link":"https:\/\/linitiative.ca\/International\/trump-veut-un-redemarrage-en-trois-etapes\/","title":{"rendered":"Trump veut un red\u00e9marrage en trois \u00e9tapes"},"content":{"rendered":"<h2>Le pr\u00e9sident am\u00e9ricain est d\u00e9cid\u00e9 \u00e0 relancer l&rsquo;\u00e9conomie am\u00e9ricaine malgr\u00e9 les ravages provoqu\u00e9s par la pand\u00e9mie. Un plan par \u00e9tapes doit \u00eatre mis en place.<\/h2>\n<p>Alors que le pays est touch\u00e9 de plein fouet par l&rsquo;\u00e9pid\u00e9mie de Covid-19, Donald Trump a jug\u00e9 qu&rsquo;il \u00e9tait temps de \u00ab\u00a0faire red\u00e9marrer l&rsquo;Am\u00e9rique\u00a0\u00bb. Avec plus de 650 000 cas recens\u00e9s, et 32 000 morts, les \u00c9tats-Unis sont la nouvelle ligne de front. Avec des pans entiers de l&rsquo;\u00e9conomie en sommeil, ce sont plus de 22 millions de personnes qui se sont inscrites au ch\u00f4mage au cours des quatre derni\u00e8res semaines. \u00a0<\/p>\n<p>\u00ab\u00a0Sur la base des derni\u00e8res donn\u00e9es, notre \u00e9quipe d&rsquo;experts est d\u00e9sormais d&rsquo;accord pour dire que nous pouvons entamer la prochaine phase de notre guerre, que nous appelons : faire red\u00e9marrer l&rsquo;Am\u00e9rique\u00a0\u00bb a d\u00e9clar\u00e9 Donald Trump.\u00a0D\u00e9termin\u00e9 \u00e0 r\u00e9duire la facture \u00e9conomique, Donald Trump\u00a0a jug\u00e9 qu&rsquo;en raison du ralentissement de la pand\u00e9mie, \u00ab\u00a0des grandes parties du pays pouvaient songer \u00e0 rouvrir\u00a0\u00bb.\u00a0<\/p>\n<p>Ainsi le pr\u00e9sident a pr\u00e9sent\u00e9 un plan de d\u00e9confinement en trois \u00e9tapes. \u00ab\u00a0La d\u00e9cision reviendra aux gouverneurs\u00a0\u00bb, a-t-il pr\u00e9cis\u00e9, tout en estimant que certains \u00c9tats pourraient \u00ab\u00a0litt\u00e9ralement\u00a0\u00bb entamer le d\u00e9confinement \u00ab\u00a0d\u00e8s demain\u00a0\u00bb. Les recommandations f\u00e9d\u00e9rales publi\u00e9es par la Maison Blanche pr\u00e9voient que les Etats se basent sur un certain nombre de crit\u00e8res pr\u00e9cis pour renouer avec le cours de leurs activit\u00e9s en trois \u00e9tapes. \u00ab\u00a0Nous n&rsquo;ouvrons pas tout d&rsquo;un coup, on rouvre prudemment pas \u00e0 pas\u00a0\u00bb, a pr\u00e9cis\u00e9 Donald Trump.\u00a0<\/p>\n<h3>\u00a0<\/h3>\n<h3>Les \u00c9tats en \u00ab\u00a0bonne sant\u00e9\u00a0\u00bb peuvent red\u00e9marrer \u00ab\u00a0d\u00e8s demain\u00a0\u00bb<\/h3>\n<p>Une premi\u00e8re phase a \u00e9t\u00e9 d\u00e9crite par la coordinatrice de la task force mont\u00e9e pour lutter contre le Covid-19, Deborah Birx. Elle comprend la continuation du confinement, avec le maintien des fermetures d&rsquo;\u00e9coles, de certains commerces, l&rsquo;encouragement au t\u00e9l\u00e9travail et \u00e0 la distanciation sociale. Le rel\u00e8vement progressif de ces contraintes, la r\u00e9ouverture d&rsquo;\u00e9coles de certains commerces et les autorisations de d\u00e9placement sera mis en place en fonction de la situation de l&rsquo;\u00e9pid\u00e9mie dans chaque \u00c9tats. Le nombre de cas sera \u00e9valu\u00e9 tous les quinze jours pour valider ces mesures. \u00a0<\/p>\n<p>La premi\u00e8re \u00e9tape du red\u00e9marrage pr\u00e9conis\u00e9 par la Maison Blanche pr\u00e9voirait la r\u00e9ouverture des restaurants et des salles de sport sous certaines conditions, mais pas des \u00e9coles ni des bars. Le port du masque de protection en public serait \u00ab\u00a0fortement\u00a0\u00bb conseill\u00e9, le t\u00e9l\u00e9travail devrait rester la r\u00e8gle et les mesures de distanciation sociale seraient maintenues. Les personnes les plus vuln\u00e9rables devraient rester confin\u00e9es et les voyages non-essentiels \u00ab\u00a0minimis\u00e9s\u00a0\u00bb.\u00a0<\/p>\n<p>Les \u00c9tats \u00ab\u00a0en bonne sant\u00e9\u00a0\u00bb peuvent red\u00e9marrer \u00ab\u00a0litt\u00e9ralement d\u00e8s demain\u00a0\u00bb, avant l&rsquo;\u00e9ch\u00e9ance du 1er mai un temps \u00e9voqu\u00e9e, a-t-il lanc\u00e9, mentionnant le Montana, le Wyoming ou le Dakota du Nord, relativement \u00e9pargn\u00e9s par rapport \u00e0 New York ou au New Jersey, qui \u00ab\u00a0vivent un enfer\u00a0\u00bb. Le pr\u00e9sident Trump, qui avait initialement affirm\u00e9 pouvoir imposer son tempo aux \u00c9tats avant de r\u00e9trop\u00e9daler, s&rsquo;est ainsi gard\u00e9 de donner une date pour New York et sa r\u00e9gion, en premi\u00e8re ligne avec pr\u00e8s de 15.000 des 32.900 morts d\u00e9j\u00e0 enregistr\u00e9s dans le pays. Dans cet \u00c9tat, \u00e9picentre am\u00e9ricain de la pand\u00e9mie, le gouverneur vient d&rsquo;ailleurs de prolonger le confinement jusqu&rsquo;au 15 mai au moins.\u00a0<\/p>\n<h3><strong>22 millions de personnes aux ch\u00f4mages<\/strong><\/h3>\n<p>Authonoy Fauci, l&rsquo;\u00e9pid\u00e9miologiste qui dirige la r\u00e9ponse du pays \u00e0 l&rsquo;\u00e9pid\u00e9mie a estim\u00e9 que le pays \u00e9tait d\u00e9sormais mieux arm\u00e9 pour faire face \u00e0 des \u00e9ventuelles r\u00e9surgences ponctuelles de la maladie. Le pays dispose d\u00e9sormais de plus de tests, ainsi que de meilleurs \u00e9quipements dans les h\u00f4pitaux. \u00a0<\/p>\n<p>Il n&rsquo;a pas donn\u00e9 de calendrier: selon ses recommandations, c&rsquo;est une fois qu&rsquo;un \u00c9tat voire un comt\u00e9 aura rempli des crit\u00e8res sanitaires pr\u00e9cis (diminutions des cas de Covid-19 pendant 14 jours, h\u00f4pitaux capables de faire face \u00e0 l&rsquo;afflux de nouveaux patients) qu&rsquo;il pourra commencer \u00e0 lever les restrictions.\u00a0<\/p>\n<p><strong>\u00ab\u00a0Covid-19\u00a0\u00bb, le nouveau coronavirus<\/strong><\/p>\n<p>Depuis un mois d\u00e9sormais que les mesures de confinement ont \u00e9t\u00e9 mises en place ou renforc\u00e9es, plus de 22 millions de personnes ont d\u00fb aller pointer au ch\u00f4mage apr\u00e8s avoir perdu leur emploi ou subi une baisse drastique de leur activit\u00e9. Il faudra \u00ab\u00a0probablement un an ou deux, quelques ann\u00e9es, pour que l&rsquo;\u00e9conomie am\u00e9ricaine retrouve son plein potentiel\u00a0\u00bb, a pr\u00e9venu le pr\u00e9sident de la Fed de New York, John Williams.\u00a0<\/p>\n<p>Auteur: letemps1<br \/>\n<a href=\"http:\/\/www.letemps.com.tn\/article\/112994\/trump-veut-un-red%C3%A9marrage-en-trois-%C3%A9tapes\">Cliquez ici pour lire l&rsquo;article depuis sa source.<\/a><\/p>\n","protected":false},"excerpt":{"rendered":"<p>Le pr\u00e9sident am\u00e9ricain est d\u00e9cid\u00e9 \u00e0 relancer l&rsquo;\u00e9conomie am\u00e9ricaine malgr\u00e9 les ravages provoqu\u00e9s par la pand\u00e9mie. Un plan par \u00e9tapes doit \u00eatre mis en place. Alors que le pays est touch\u00e9 de plein fouet par l&rsquo;\u00e9pid\u00e9mie de Covid-19, Donald Trump a jug\u00e9 qu&rsquo;il \u00e9tait temps de \u00ab\u00a0faire red\u00e9marrer l&rsquo;Am\u00e9rique\u00a0\u00bb. Avec plus de 650 000 cas [&hellip;]<\/p>\n","protected":false},"author":1773,"featured_media":0,"comment_status":"closed","ping_status":"closed","sticky":false,"template":"","format":"standard","meta":{"fifu_image_url":"","fifu_image_alt":"","footnotes":""},"categories":[73,55],"tags":[],"class_list":["post-82758","post","type-post","status-publish","format-standard","hentry","category-actualite","category-tunisie"],"_links":{"self":[{"href":"https:\/\/linitiative.ca\/International\/wp-json\/wp\/v2\/posts\/82758","targetHints":{"allow":["GET"]}}],"collection":[{"href":"https:\/\/linitiative.ca\/International\/wp-json\/wp\/v2\/posts"}],"about":[{"href":"https:\/\/linitiative.ca\/International\/wp-json\/wp\/v2\/types\/post"}],"author":[{"embeddable":true,"href":"https:\/\/linitiative.ca\/International\/wp-json\/wp\/v2\/users\/1773"}],"replies":[{"embeddable":true,"href":"https:\/\/linitiative.ca\/International\/wp-json\/wp\/v2\/comments?post=82758"}],"version-history":[{"count":0,"href":"https:\/\/linitiative.ca\/International\/wp-json\/wp\/v2\/posts\/82758\/revisions"}],"wp:attachment":[{"href":"https:\/\/linitiative.ca\/International\/wp-json\/wp\/v2\/media?parent=82758"}],"wp:term":[{"taxonomy":"category","embeddable":true,"href":"https:\/\/linitiative.ca\/International\/wp-json\/wp\/v2\/categories?post=82758"},{"taxonomy":"post_tag","embeddable":true,"href":"https:\/\/linitiative.ca\/International\/wp-json\/wp\/v2\/tags?post=82758"}],"curies":[{"name":"wp","href":"https:\/\/api.w.org\/{rel}","templated":true}]}}