{"id":82759,"date":"2020-04-17T19:32:00","date_gmt":"2020-04-17T23:32:00","guid":{"rendered":"https:\/\/linitiative.ca\/International\/covid-19-un-virus-dun-laboratoire-chinois-avec-de-ladn-de-vih\/"},"modified":"2020-04-17T19:32:00","modified_gmt":"2020-04-17T23:32:00","slug":"covid-19-un-virus-dun-laboratoire-chinois-avec-de-ladn-de-vih","status":"publish","type":"post","link":"https:\/\/linitiative.ca\/International\/covid-19-un-virus-dun-laboratoire-chinois-avec-de-ladn-de-vih\/","title":{"rendered":"Covid-19, un virus d\u2019un laboratoire chinois avec de l\u2019ADN de VIH"},"content":{"rendered":"<p>\u201cLe coronavirus sort d\u2019un laboratoire de Wuhan\u201d. C\u2019est ce qu\u2019a d\u00e9clar\u00e9 Luc Montagnier, virologue fran\u00e7ais, dans un entretien accord\u00e9 au site\u00a0Pourquoi docteur ? Le professeur va m\u00eame encore plus loin en expliquant que le g\u00e9nome complet du Covid-19 a des s\u00e9quences d&rsquo;un autre virus, le virus du Sida (VIH). Une sortie choc de la part du virologue, qui estime que \u201cla v\u00e9rit\u00e9 scientifique finit toujours par \u00e9merger\u201d.<\/p>\n<h3><strong>D\u00e9couverte du VIH<\/strong><\/h3>\n<p>Le professeur Luc Montagnier est c\u00e9l\u00e8bre pour avoir r\u00e9ussi \u00e0 isoler le virus du sida en 1983, une maladie jusque-l\u00e0 encore inconnue. Pour ses travaux sur le VIH, il a re\u00e7u\u00a025 ans plus tard, avec sa collaboratrice Fran\u00e7oise Barr\u00e9-Sinoussi, le prix Nobel de m\u00e9decine en 2008. \u201cMieux vaut tard que jamais\u201d, avait-il d\u00e9clar\u00e9. Si le comit\u00e9 Nobel avait salu\u00e9 \u00e0 l\u2019\u00e9poque sa d\u00e9couverte \u201cessentielle \u00e0 la compr\u00e9hension actuelle de la biologie de cette maladie\u201d, Luc Montagnier a d\u00fb se battre pendant plusieurs ann\u00e9es pour la reconnaissance de cette d\u00e9couverte qui lui \u00e9tait contest\u00e9e par le chercheur am\u00e9ricain Robert Gallo.<\/p>\n<p>En 1972, le professeur Montagnier cr\u00e9e le d\u00e9partement de virologie de l&rsquo;Institut Pasteur et le dirige jusqu\u2019\u00e0 2000. Il est \u00e9galement connu pour avoir \u00e9t\u00e9 consult\u00e9 par le pape Jean Paul II, en 2002, pour sa maladie de Parkinson. Mais sa recette \u00e0 base d&rsquo;extraits de papayes ferment\u00e9e fait d\u00e9bat, certains lui reprochant un manque de rigueur scientifique.<\/p>\n<h3><strong>Un chercheur tr\u00e8s d\u00e9cri\u00e9<\/strong><\/h3>\n<p>Dans les ann\u00e9es 2000, ses prises de positions sont de plus en plus critiqu\u00e9es, notamment \u00e0 cause des propos tr\u00e8s surprenants qu\u2019il tient sur le virus du sida et sa transmission dans le documentaire anti-science\u00a0<em>House of Numbers: Anatomy of an Epidemic<\/em>\u00a0diffus\u00e9 en 2009. \u201cNous pouvons \u00eatre expos\u00e9s de nombreuses fois au VIH sans \u00eatre infect\u00e9s de fa\u00e7on chronique, avait-il d\u00e9clar\u00e9. Notre syst\u00e8me immunitaire va se d\u00e9barrasser du virus en quelques semaines, si vous avez un bon syst\u00e8me immunitaire\u201d.<\/p>\n<p>Remerci\u00e9 en 2001 par la recherche fran\u00e7aise en raison de son \u00e2ge avanc\u00e9, il a soutenu en 2010 l\u2019id\u00e9e de\u00a0la m\u00e9moire de l\u2019eau, l\u2019une des plus grosses controverses scientifiques de la fin du XXe\u00a0si\u00e8cle.<\/p>\n<p>Apr\u00e8s avoir remis en cause l\u2019int\u00e9r\u00eat des vaccins, 44 prix Nobel ont \u00e9crit au pr\u00e9sident du Cameroun en 2012, suite \u00e0 la nomination du virologue \u00e0 la t\u00eate d\u2019un laboratoire de recherche au Cameroun,\u00a0pour s\u2019inqui\u00e9ter de cette nomination.<\/p>\n<h3><strong>La maladie du Nobel<\/strong><\/h3>\n<p>En 2017, pas moins de\u00a0106\u00a0acad\u00e9miciens\u00a0des sciences et de m\u00e9decine se sont lev\u00e9s pour s\u2019opposer publiquement aux d\u00e9rives du professeur Montagnier, une nouvelle fois \u00e0 cause de sa position sur les vaccins. \u201cNous ne pouvons accepter d\u2019un de nos confr\u00e8res qu\u2019il utilise son prix Nobel pour diffuser, hors du champ de ses comp\u00e9tences, des messages dangereux pour la sant\u00e9\u201d, avaient-ils \u00e9crit. Ils avaient \u00e9galement r\u00e9clam\u00e9 aupr\u00e8s de\u00a0l\u2019Ordre des m\u00e9decins un ferme rappel \u00e0 l\u2019ordre \u00e0 l\u2019encontre leur confr\u00e8re, \u201csachant qu\u2019une exclusion est statutairement impossible\u201d.<\/p>\n<p>Nombreux sont les observateurs \u00e0 penser que Luc Montagnier est atteint de la\u00a0\u201cmaladie du Nobel\u201d, qui est \u201cune affliction de certains laur\u00e9ats du prix Nobel qui les am\u00e8ne \u00e0 embrasser des id\u00e9es \u00e9tranges ou scientifiques bancales, en g\u00e9n\u00e9ral plus tard dans leur vie\u201d.<\/p>\n<p>Auteur: letemps1<br \/>\n<a href=\"http:\/\/www.letemps.com.tn\/article\/112995\/covid-19-un-virus-d%E2%80%99un-laboratoire-chinois-avec-de-l%E2%80%99adn-de-vih\">Cliquez ici pour lire l&rsquo;article depuis sa source.<\/a><\/p>\n","protected":false},"excerpt":{"rendered":"<p>\u201cLe coronavirus sort d\u2019un laboratoire de Wuhan\u201d. C\u2019est ce qu\u2019a d\u00e9clar\u00e9 Luc Montagnier, virologue fran\u00e7ais, dans un entretien accord\u00e9 au site\u00a0Pourquoi docteur ? Le professeur va m\u00eame encore plus loin en expliquant que le g\u00e9nome complet du Covid-19 a des s\u00e9quences d&rsquo;un autre virus, le virus du Sida (VIH). Une sortie choc de la part [&hellip;]<\/p>\n","protected":false},"author":1773,"featured_media":0,"comment_status":"closed","ping_status":"closed","sticky":false,"template":"","format":"standard","meta":{"fifu_image_url":"","fifu_image_alt":"","footnotes":""},"categories":[73,55],"tags":[],"class_list":["post-82759","post","type-post","status-publish","format-standard","hentry","category-actualite","category-tunisie"],"_links":{"self":[{"href":"https:\/\/linitiative.ca\/International\/wp-json\/wp\/v2\/posts\/82759","targetHints":{"allow":["GET"]}}],"collection":[{"href":"https:\/\/linitiative.ca\/International\/wp-json\/wp\/v2\/posts"}],"about":[{"href":"https:\/\/linitiative.ca\/International\/wp-json\/wp\/v2\/types\/post"}],"author":[{"embeddable":true,"href":"https:\/\/linitiative.ca\/International\/wp-json\/wp\/v2\/users\/1773"}],"replies":[{"embeddable":true,"href":"https:\/\/linitiative.ca\/International\/wp-json\/wp\/v2\/comments?post=82759"}],"version-history":[{"count":0,"href":"https:\/\/linitiative.ca\/International\/wp-json\/wp\/v2\/posts\/82759\/revisions"}],"wp:attachment":[{"href":"https:\/\/linitiative.ca\/International\/wp-json\/wp\/v2\/media?parent=82759"}],"wp:term":[{"taxonomy":"category","embeddable":true,"href":"https:\/\/linitiative.ca\/International\/wp-json\/wp\/v2\/categories?post=82759"},{"taxonomy":"post_tag","embeddable":true,"href":"https:\/\/linitiative.ca\/International\/wp-json\/wp\/v2\/tags?post=82759"}],"curies":[{"name":"wp","href":"https:\/\/api.w.org\/{rel}","templated":true}]}}