{"id":82762,"date":"2020-04-18T15:11:46","date_gmt":"2020-04-18T19:11:46","guid":{"rendered":"https:\/\/linitiative.ca\/International\/international-le-psg-se-renseigne-sur-bennacer\/"},"modified":"2020-04-18T15:11:46","modified_gmt":"2020-04-18T19:11:46","slug":"international-le-psg-se-renseigne-sur-bennacer","status":"publish","type":"post","link":"https:\/\/linitiative.ca\/International\/international-le-psg-se-renseigne-sur-bennacer\/","title":{"rendered":"International : Le PSG se renseigne sur Bennacer !"},"content":{"rendered":"<div readability=\"32\">\n<p>Auteur : <span class=\"time\">samedi 18 avril 2020 17:43<\/span><\/p>\n<\/div>\n<div id=\"post_core\" readability=\"43\">\n<p>Pour sa premi\u00e8re saison au PSG, Thomas Tuchel a souvent \u00e9voqu\u00e9 les carences de son effectif au milieu du terrain. Le remplacement de Thiago Motta a mis du temps \u00e0 s\u2019organiser et il a fallu attendre le retour de Leonardo pour que Paris prenne enfin ses dispositions pour recruter du sang-neuf. Ainsi, Idrissa Gueye et Ander Herrera sont venus compl\u00e9ter un secteur de jeu parfois \u00e0 la peine ou trop souvent soumis au \u00ab bricolage maison \u00bb. Et Leonardo envisage encore de faire venir de nouveaux talents. Paris a un oeil sur le dossier Bakayoko (Chelsea). Un joueur que le Br\u00e9silien conna\u00eet bien, pour l&rsquo;avoir fait venir \u00e0 Milan. Mais ce n&rsquo;est pas l&rsquo;unique piste de son \u00e9poque milanaise&#8230; Selon Le 10 Sport, le PSG a r\u00e9cemment pris des renseignements sur un milieu de terrain que Leonardo conna\u00eet bien puisqu\u2019il a fait partie des premi\u00e8res discussions avec ses repr\u00e9sentants dans la perspective d\u2019une signature au Milan AC : Isma\u00ebl Bennacer. Si le Br\u00e9silien a quitt\u00e9 le Milan avant l\u2019arriv\u00e9e du milieu de terrain alg\u00e9rien, il a initi\u00e9 le dossier et faisait partie de ses partisans. D\u2019apr\u00e8s la m\u00eame source, Leonardo aurait r\u00e9cemment pris la temp\u00e9rature aupr\u00e8s de son entourage pour connaitre ses intentions et la possibilit\u00e9 d\u2019une arriv\u00e9e \u00e0 Paris. Son profil de joueur technique et son abattage assez impressionnant au milieu du terrain plaident pour lui.\u00a0Paris\u00a0a besoin d\u2019un soldat et\u00a0Isma\u00ebl\u00a0Bennacer\u00a0a clairement les caract\u00e9ristiques recherch\u00e9es par le\u00a0PSG. S\u2019il s\u2019agit d\u2019une simple prise de temp\u00e9rature jusqu\u2019\u00e0 maintenant, il n\u2019est pas impossible de voir\u00a0Leonardo\u00a0avancer ses pions sur le dossier dans les semaines \u00e0 venir. Reste \u00e0 savoir combien Paris sera pr\u00eat \u00e0 mettre pour racheter les quatre ann\u00e9es de contrat qui lui restent avec le\u00a0Milan. A moins de 30 millions d\u2019euros, pas s\u00fbr que les dirigeants milanais soient \u00e0 l\u2019\u00e9coute\u2026<\/p>\n<p><strong>Publi\u00e9 dans :<\/strong> <span>BENNACER<\/span><\/p>\n<\/div>\n<p>Auteur:<br \/>\n<a href=\"http:\/\/www.lebuteur.com\/article\/detail?titre=le-psg-se-renseigne-sur-bennacer&#038;id=95665&#038;utm_source=feedburner&#038;utm_medium=feed&#038;utm_campaign=Feed%3A+GalerieFArtciles+%28Les+derniers+articles++-+lebuteur.com%29\">Cliquez ici pour lire l&rsquo;article depuis sa source.<\/a><\/p>\n","protected":false},"excerpt":{"rendered":"<p>Auteur : samedi 18 avril 2020 17:43 Pour sa premi\u00e8re saison au PSG, Thomas Tuchel a souvent \u00e9voqu\u00e9 les carences de son effectif au milieu du terrain. Le remplacement de Thiago Motta a mis du temps \u00e0 s\u2019organiser et il a fallu attendre le retour de Leonardo pour que Paris prenne enfin ses dispositions pour [&hellip;]<\/p>\n","protected":false},"author":1738,"featured_media":82763,"comment_status":"closed","ping_status":"closed","sticky":false,"template":"","format":"standard","meta":{"fifu_image_url":"","fifu_image_alt":"","footnotes":""},"categories":[53,75],"tags":[],"class_list":["post-82762","post","type-post","status-publish","format-standard","has-post-thumbnail","hentry","category-algerie","category-sport"],"_links":{"self":[{"href":"https:\/\/linitiative.ca\/International\/wp-json\/wp\/v2\/posts\/82762","targetHints":{"allow":["GET"]}}],"collection":[{"href":"https:\/\/linitiative.ca\/International\/wp-json\/wp\/v2\/posts"}],"about":[{"href":"https:\/\/linitiative.ca\/International\/wp-json\/wp\/v2\/types\/post"}],"author":[{"embeddable":true,"href":"https:\/\/linitiative.ca\/International\/wp-json\/wp\/v2\/users\/1738"}],"replies":[{"embeddable":true,"href":"https:\/\/linitiative.ca\/International\/wp-json\/wp\/v2\/comments?post=82762"}],"version-history":[{"count":0,"href":"https:\/\/linitiative.ca\/International\/wp-json\/wp\/v2\/posts\/82762\/revisions"}],"wp:featuredmedia":[{"embeddable":true,"href":"https:\/\/linitiative.ca\/International\/wp-json\/"}],"wp:attachment":[{"href":"https:\/\/linitiative.ca\/International\/wp-json\/wp\/v2\/media?parent=82762"}],"wp:term":[{"taxonomy":"category","embeddable":true,"href":"https:\/\/linitiative.ca\/International\/wp-json\/wp\/v2\/categories?post=82762"},{"taxonomy":"post_tag","embeddable":true,"href":"https:\/\/linitiative.ca\/International\/wp-json\/wp\/v2\/tags?post=82762"}],"curies":[{"name":"wp","href":"https:\/\/api.w.org\/{rel}","templated":true}]}}