{"id":82766,"date":"2020-04-18T15:11:50","date_gmt":"2020-04-18T19:11:50","guid":{"rendered":"https:\/\/linitiative.ca\/International\/pros-psg-grande-nouvelle-dans-le-dossier-youcef-atal\/"},"modified":"2020-04-18T15:11:50","modified_gmt":"2020-04-18T19:11:50","slug":"pros-psg-grande-nouvelle-dans-le-dossier-youcef-atal","status":"publish","type":"post","link":"https:\/\/linitiative.ca\/International\/pros-psg-grande-nouvelle-dans-le-dossier-youcef-atal\/","title":{"rendered":"Pros : PSG: Grande nouvelle dans le dossier Youcef Atal !"},"content":{"rendered":"<div readability=\"32\">\n<p>Auteur : <span class=\"time\">samedi 18 avril 2020 18:03<\/span><\/p>\n<\/div>\n<div id=\"post_core\" readability=\"44\">\n<p>Pist\u00e9 par le PSG depuis plusieurs mois, Youcef Atal pourrait d\u00e9barquer au Parc des Princes pour 30M\u20ac l\u2019\u00e9t\u00e9 prochain. Explications. Interrog\u00e9 dans un livre Instagram, le journaliste de RMC Sport Lo\u00efc Tanzi a \u00e9voqu\u00e9 ce dossier Atal au PSG : \u00ab Au d\u00e9but le PSG le voulait car l&rsquo;ambition de Tuchel \u00e9tait de jouer \u00e0 3 derri\u00e8re. (\u2026) \u00c7a a un peu chang\u00e9 maintenant qu&rsquo;il est revenu \u00e0 4, mais c&rsquo;est un joueur que Thomas Tuchel adore, que Leonardo conna\u00eet tr\u00e8s bien, notamment l&rsquo;entourage, mais tout d\u00e9pendra du prix que Nice demande. Le prix a peut-\u00eatre baiss\u00e9 maintenant avec sa blessure et la conjoncture actuelle, donc il pourrait revenir dans la danse un peu, et je ne suis pas s\u00fbr qu&rsquo;il soit beaucoup moins cher que Mukiele par exemple. Donc je pense que si Atal vient, c&rsquo;est autour de 30M\u20ac et c&rsquo;est une somme que le PSG peut d\u00e9bourser.\u00bbrapporte Le 10 Sport.<\/p>\n<p><strong>Publi\u00e9 dans :<\/strong> <span>Atal<\/span><\/p>\n<\/div>\n<p>Auteur:<br \/>\n<a href=\"http:\/\/www.lebuteur.com\/article\/detail?titre=psg-grande-nouvelle-dans-le-dossier-youcef-atal&#038;id=95667&#038;utm_source=feedburner&#038;utm_medium=feed&#038;utm_campaign=Feed%3A+GalerieFArtciles+%28Les+derniers+articles++-+lebuteur.com%29\">Cliquez ici pour lire l&rsquo;article depuis sa source.<\/a><\/p>\n","protected":false},"excerpt":{"rendered":"<p>Auteur : samedi 18 avril 2020 18:03 Pist\u00e9 par le PSG depuis plusieurs mois, Youcef Atal pourrait d\u00e9barquer au Parc des Princes pour 30M\u20ac l\u2019\u00e9t\u00e9 prochain. Explications. Interrog\u00e9 dans un livre Instagram, le journaliste de RMC Sport Lo\u00efc Tanzi a \u00e9voqu\u00e9 ce dossier Atal au PSG : \u00ab Au d\u00e9but le PSG le voulait car [&hellip;]<\/p>\n","protected":false},"author":1738,"featured_media":82767,"comment_status":"closed","ping_status":"closed","sticky":false,"template":"","format":"standard","meta":{"fifu_image_url":"","fifu_image_alt":"","footnotes":""},"categories":[53,75],"tags":[],"class_list":["post-82766","post","type-post","status-publish","format-standard","has-post-thumbnail","hentry","category-algerie","category-sport"],"_links":{"self":[{"href":"https:\/\/linitiative.ca\/International\/wp-json\/wp\/v2\/posts\/82766","targetHints":{"allow":["GET"]}}],"collection":[{"href":"https:\/\/linitiative.ca\/International\/wp-json\/wp\/v2\/posts"}],"about":[{"href":"https:\/\/linitiative.ca\/International\/wp-json\/wp\/v2\/types\/post"}],"author":[{"embeddable":true,"href":"https:\/\/linitiative.ca\/International\/wp-json\/wp\/v2\/users\/1738"}],"replies":[{"embeddable":true,"href":"https:\/\/linitiative.ca\/International\/wp-json\/wp\/v2\/comments?post=82766"}],"version-history":[{"count":0,"href":"https:\/\/linitiative.ca\/International\/wp-json\/wp\/v2\/posts\/82766\/revisions"}],"wp:featuredmedia":[{"embeddable":true,"href":"https:\/\/linitiative.ca\/International\/wp-json\/"}],"wp:attachment":[{"href":"https:\/\/linitiative.ca\/International\/wp-json\/wp\/v2\/media?parent=82766"}],"wp:term":[{"taxonomy":"category","embeddable":true,"href":"https:\/\/linitiative.ca\/International\/wp-json\/wp\/v2\/categories?post=82766"},{"taxonomy":"post_tag","embeddable":true,"href":"https:\/\/linitiative.ca\/International\/wp-json\/wp\/v2\/tags?post=82766"}],"curies":[{"name":"wp","href":"https:\/\/api.w.org\/{rel}","templated":true}]}}