{"id":82768,"date":"2020-04-18T15:11:52","date_gmt":"2020-04-18T19:11:52","guid":{"rendered":"https:\/\/linitiative.ca\/International\/international-real-le-plan-que-prepare-zidane-pour-son-attaque\/"},"modified":"2020-04-18T15:11:52","modified_gmt":"2020-04-18T19:11:52","slug":"international-real-le-plan-que-prepare-zidane-pour-son-attaque","status":"publish","type":"post","link":"https:\/\/linitiative.ca\/International\/international-real-le-plan-que-prepare-zidane-pour-son-attaque\/","title":{"rendered":"International : Real : Le plan que pr\u00e9pare Zidane pour son attaque"},"content":{"rendered":"<div readability=\"32\">\n<p>Auteur : <span class=\"time\">samedi 18 avril 2020 19:14<\/span><\/p>\n<\/div>\n<div id=\"post_core\" readability=\"39\">\n<p>En effet, la priorit\u00e9 absolue dans le secteur offensif pour les dirigeants merengue se nommerait Haaland. Les dirigeants de la Casa Blanca voudraient recruter un attaquant capable d\u2019empiler les buts, crit\u00e8re que semble remplir le Norv\u00e9gien comme l&rsquo;indique Le10sport. Les hauts repr\u00e9sentants madril\u00e8nes auraient \u00e9t\u00e9 convaincu par Haaland qui confirme sa bonne premi\u00e8re partie de saison au Red Bull Salzbourg depuis son transfert au Borussia Dortmund cet hiver. Le plan serait d\u2019aligner Haaland et Benzema \u00e0 la pointe de l\u2019attaque du Real Madrid d\u00e8s la saison prochaine avant de lancer l\u2019op\u00e9ration Kylian Mbapp\u00e9 en 2021 pour que les attaquants forment un nouveau trio.<\/p>\n<p><strong>Publi\u00e9 dans :<\/strong> <span>real madrid<\/span><\/p>\n<\/div>\n<p>Auteur:<br \/>\n<a href=\"http:\/\/www.lebuteur.com\/article\/detail?titre=real-le-plan-que-prepare-zidane-pour-son-attaque&#038;id=95668&#038;utm_source=feedburner&#038;utm_medium=feed&#038;utm_campaign=Feed%3A+GalerieFArtciles+%28Les+derniers+articles++-+lebuteur.com%29\">Cliquez ici pour lire l&rsquo;article depuis sa source.<\/a><\/p>\n","protected":false},"excerpt":{"rendered":"<p>Auteur : samedi 18 avril 2020 19:14 En effet, la priorit\u00e9 absolue dans le secteur offensif pour les dirigeants merengue se nommerait Haaland. Les dirigeants de la Casa Blanca voudraient recruter un attaquant capable d\u2019empiler les buts, crit\u00e8re que semble remplir le Norv\u00e9gien comme l&rsquo;indique Le10sport. Les hauts repr\u00e9sentants madril\u00e8nes auraient \u00e9t\u00e9 convaincu par Haaland [&hellip;]<\/p>\n","protected":false},"author":1738,"featured_media":82769,"comment_status":"closed","ping_status":"closed","sticky":false,"template":"","format":"standard","meta":{"fifu_image_url":"","fifu_image_alt":"","footnotes":""},"categories":[53,75],"tags":[],"class_list":["post-82768","post","type-post","status-publish","format-standard","has-post-thumbnail","hentry","category-algerie","category-sport"],"_links":{"self":[{"href":"https:\/\/linitiative.ca\/International\/wp-json\/wp\/v2\/posts\/82768","targetHints":{"allow":["GET"]}}],"collection":[{"href":"https:\/\/linitiative.ca\/International\/wp-json\/wp\/v2\/posts"}],"about":[{"href":"https:\/\/linitiative.ca\/International\/wp-json\/wp\/v2\/types\/post"}],"author":[{"embeddable":true,"href":"https:\/\/linitiative.ca\/International\/wp-json\/wp\/v2\/users\/1738"}],"replies":[{"embeddable":true,"href":"https:\/\/linitiative.ca\/International\/wp-json\/wp\/v2\/comments?post=82768"}],"version-history":[{"count":0,"href":"https:\/\/linitiative.ca\/International\/wp-json\/wp\/v2\/posts\/82768\/revisions"}],"wp:featuredmedia":[{"embeddable":true,"href":"https:\/\/linitiative.ca\/International\/wp-json\/"}],"wp:attachment":[{"href":"https:\/\/linitiative.ca\/International\/wp-json\/wp\/v2\/media?parent=82768"}],"wp:term":[{"taxonomy":"category","embeddable":true,"href":"https:\/\/linitiative.ca\/International\/wp-json\/wp\/v2\/categories?post=82768"},{"taxonomy":"post_tag","embeddable":true,"href":"https:\/\/linitiative.ca\/International\/wp-json\/wp\/v2\/tags?post=82768"}],"curies":[{"name":"wp","href":"https:\/\/api.w.org\/{rel}","templated":true}]}}