{"id":82770,"date":"2020-04-18T15:16:35","date_gmt":"2020-04-18T19:16:35","guid":{"rendered":"https:\/\/linitiative.ca\/International\/droits-de-lhomme-a-lonu-plus-de-200-ong-contestent-la-nomination-dun-marocain\/"},"modified":"2020-04-18T15:16:35","modified_gmt":"2020-04-18T19:16:35","slug":"droits-de-lhomme-a-lonu-plus-de-200-ong-contestent-la-nomination-dun-marocain","status":"publish","type":"post","link":"https:\/\/linitiative.ca\/International\/droits-de-lhomme-a-lonu-plus-de-200-ong-contestent-la-nomination-dun-marocain\/","title":{"rendered":"Droits de l\u2019Homme \u00e0 l\u2019ONU  : Plus de 200 ONG contestent la nomination d\u2019un Marocain"},"content":{"rendered":"<p>Dans une lettre ouverte au Pr\u00e9sident de l&rsquo;Assembl\u00e9e g\u00e9n\u00e9rale, Tijjani Muhammad-Bande, 210 ONG &#8211; Groupe d&rsquo;appui \u00e0 Gen\u00e8ve pour la protection et la promotion des droits de l&rsquo;Homme au Sahara occidental, ont exprim\u00e9 leur rejet et leur \u00ab\u00a0profonde pr\u00e9occupation\u00a0\u00bb de la nomination du diplomate marocain, Omar Hilale, comme l&rsquo;un des deux co-facilitateurs du processus de \u00ab\u00a0Renforcement et am\u00e9lioration du fonctionnement efficace du syst\u00e8me d&rsquo;organes cr\u00e9\u00e9 en en vertu des trait\u00e9s relatifs aux droits de l&rsquo;Homme\u00a0\u00bb.<br \/>Le diplomate en question \u00ab\u00a0a \u00e9t\u00e9 personnellement accus\u00e9 de corruption et d&rsquo;espionnage contre le personnel des Nations unies \u00e0 Gen\u00e8ve\u00a0\u00bb, les ONG signataires soulignent \u00e9galement que le \u00ab\u00a0Royaume du Maroc reste un lieu o\u00f9 les libert\u00e9s et libert\u00e9s fondamentales sont constamment bafou\u00e9es\u00a0 et fait partie des pays ayant le pire bilan en mati\u00e8re de droits de l&rsquo;homme au monde\u00a0\u00bb.<\/p>\n<p>Auteur: elmoudjahid<br \/>\n<a href=\"http:\/\/www.elmoudjahid.com\/fr\/actualites\/151726\">Cliquez ici pour lire l&rsquo;article depuis sa source.<\/a><\/p>\n","protected":false},"excerpt":{"rendered":"<p>Dans une lettre ouverte au Pr\u00e9sident de l&rsquo;Assembl\u00e9e g\u00e9n\u00e9rale, Tijjani Muhammad-Bande, 210 ONG &#8211; Groupe d&rsquo;appui \u00e0 Gen\u00e8ve pour la protection et la promotion des droits de l&rsquo;Homme au Sahara occidental, ont exprim\u00e9 leur rejet et leur \u00ab\u00a0profonde pr\u00e9occupation\u00a0\u00bb de la nomination du diplomate marocain, Omar Hilale, comme l&rsquo;un des deux co-facilitateurs du processus de [&hellip;]<\/p>\n","protected":false},"author":1744,"featured_media":0,"comment_status":"closed","ping_status":"closed","sticky":false,"template":"","format":"standard","meta":{"fifu_image_url":"","fifu_image_alt":"","footnotes":""},"categories":[73,53],"tags":[],"class_list":["post-82770","post","type-post","status-publish","format-standard","hentry","category-actualite","category-algerie"],"_links":{"self":[{"href":"https:\/\/linitiative.ca\/International\/wp-json\/wp\/v2\/posts\/82770","targetHints":{"allow":["GET"]}}],"collection":[{"href":"https:\/\/linitiative.ca\/International\/wp-json\/wp\/v2\/posts"}],"about":[{"href":"https:\/\/linitiative.ca\/International\/wp-json\/wp\/v2\/types\/post"}],"author":[{"embeddable":true,"href":"https:\/\/linitiative.ca\/International\/wp-json\/wp\/v2\/users\/1744"}],"replies":[{"embeddable":true,"href":"https:\/\/linitiative.ca\/International\/wp-json\/wp\/v2\/comments?post=82770"}],"version-history":[{"count":0,"href":"https:\/\/linitiative.ca\/International\/wp-json\/wp\/v2\/posts\/82770\/revisions"}],"wp:attachment":[{"href":"https:\/\/linitiative.ca\/International\/wp-json\/wp\/v2\/media?parent=82770"}],"wp:term":[{"taxonomy":"category","embeddable":true,"href":"https:\/\/linitiative.ca\/International\/wp-json\/wp\/v2\/categories?post=82770"},{"taxonomy":"post_tag","embeddable":true,"href":"https:\/\/linitiative.ca\/International\/wp-json\/wp\/v2\/tags?post=82770"}],"curies":[{"name":"wp","href":"https:\/\/api.w.org\/{rel}","templated":true}]}}