{"id":82772,"date":"2020-04-18T15:16:40","date_gmt":"2020-04-18T19:16:40","guid":{"rendered":"https:\/\/linitiative.ca\/International\/plus-de-500-patients-traites-avec-le-plasma-de-personnes-gueries\/"},"modified":"2020-04-18T15:16:40","modified_gmt":"2020-04-18T19:16:40","slug":"plus-de-500-patients-traites-avec-le-plasma-de-personnes-gueries","status":"publish","type":"post","link":"https:\/\/linitiative.ca\/International\/plus-de-500-patients-traites-avec-le-plasma-de-personnes-gueries\/","title":{"rendered":"Plus de 500 patients trait\u00e9s avec le plasma de personnes gu\u00e9ries"},"content":{"rendered":"<p>La Banque de sang de Wuhan a pr\u00e9lev\u00e9 pr\u00e8s de 380.000 ml de plasma chez 1.101 patients gu\u00e9ris de COVID-19, et les a envoy\u00e9s dans treize h\u00f4pitaux d\u00e9sign\u00e9s, a not\u00e9 Wang Lan, chef de l&rsquo;organisme.\u00a0 \u00a0<\/p>\n<p>A travers le Hubei, 600 patients ont \u00e9t\u00e9 trait\u00e9s avec le plasma pr\u00e9lev\u00e9 chez 1.627 patients gu\u00e9ris, selon Yu Xuehua de la commission provinciale de la sant\u00e9.\u00a0 \u00a0<\/p>\n<p>Le plasma en phase de convalescence, tir\u00e9 du plasma pr\u00e9lev\u00e9 chez les personnes gu\u00e9ries du COVID-19, contient une grande quantit\u00e9 d&rsquo;anticorps protecteurs.\u00a0 \u00a0<\/p>\n<p>Le premier pr\u00e9l\u00e8vement du plasma en phase de convalescence a \u00e9t\u00e9 effectu\u00e9 le 1er f\u00e9vrier, et le premier patient dans un \u00e9tat grave a \u00e9t\u00e9 transfus\u00e9 dans un h\u00f4pital \u00e0 Wuhan le 9 f\u00e9vrier.<\/p>\n<p>Auteur: elmoudjahid<br \/>\n<a href=\"http:\/\/www.elmoudjahid.com\/fr\/actualites\/151728\">Cliquez ici pour lire l&rsquo;article depuis sa source.<\/a><\/p>\n","protected":false},"excerpt":{"rendered":"<p>La Banque de sang de Wuhan a pr\u00e9lev\u00e9 pr\u00e8s de 380.000 ml de plasma chez 1.101 patients gu\u00e9ris de COVID-19, et les a envoy\u00e9s dans treize h\u00f4pitaux d\u00e9sign\u00e9s, a not\u00e9 Wang Lan, chef de l&rsquo;organisme.\u00a0 \u00a0 A travers le Hubei, 600 patients ont \u00e9t\u00e9 trait\u00e9s avec le plasma pr\u00e9lev\u00e9 chez 1.627 patients gu\u00e9ris, selon Yu [&hellip;]<\/p>\n","protected":false},"author":1744,"featured_media":0,"comment_status":"closed","ping_status":"closed","sticky":false,"template":"","format":"standard","meta":{"fifu_image_url":"","fifu_image_alt":"","footnotes":""},"categories":[73,53],"tags":[],"class_list":["post-82772","post","type-post","status-publish","format-standard","hentry","category-actualite","category-algerie"],"_links":{"self":[{"href":"https:\/\/linitiative.ca\/International\/wp-json\/wp\/v2\/posts\/82772","targetHints":{"allow":["GET"]}}],"collection":[{"href":"https:\/\/linitiative.ca\/International\/wp-json\/wp\/v2\/posts"}],"about":[{"href":"https:\/\/linitiative.ca\/International\/wp-json\/wp\/v2\/types\/post"}],"author":[{"embeddable":true,"href":"https:\/\/linitiative.ca\/International\/wp-json\/wp\/v2\/users\/1744"}],"replies":[{"embeddable":true,"href":"https:\/\/linitiative.ca\/International\/wp-json\/wp\/v2\/comments?post=82772"}],"version-history":[{"count":0,"href":"https:\/\/linitiative.ca\/International\/wp-json\/wp\/v2\/posts\/82772\/revisions"}],"wp:attachment":[{"href":"https:\/\/linitiative.ca\/International\/wp-json\/wp\/v2\/media?parent=82772"}],"wp:term":[{"taxonomy":"category","embeddable":true,"href":"https:\/\/linitiative.ca\/International\/wp-json\/wp\/v2\/categories?post=82772"},{"taxonomy":"post_tag","embeddable":true,"href":"https:\/\/linitiative.ca\/International\/wp-json\/wp\/v2\/tags?post=82772"}],"curies":[{"name":"wp","href":"https:\/\/api.w.org\/{rel}","templated":true}]}}