{"id":82773,"date":"2020-04-18T15:16:43","date_gmt":"2020-04-18T19:16:43","guid":{"rendered":"https:\/\/linitiative.ca\/International\/grande-bretagne-a-99-ans-il-collecte-20-millions-de-livres\/"},"modified":"2020-04-18T15:16:43","modified_gmt":"2020-04-18T19:16:43","slug":"grande-bretagne-a-99-ans-il-collecte-20-millions-de-livres","status":"publish","type":"post","link":"https:\/\/linitiative.ca\/International\/grande-bretagne-a-99-ans-il-collecte-20-millions-de-livres\/","title":{"rendered":"Grande-Bretagne  : \u00e0 99 ans, il collecte 20 millions de livres"},"content":{"rendered":"<p>Au moment o\u00f9 le pays compte pr\u00e8s de 15.000 morts du Covid-19, l&rsquo;histoire de ce v\u00e9t\u00e9ran de la Seconde guerre mondiale, qui a servi en Inde puis en Birmanie, a mis du baume au coeur des Britanniques.<\/p>\n<p>Tom Moore s&rsquo;\u00e9tait fix\u00e9 comme objectif de marcher 100 longueurs de 25 m\u00e8tres de son jardin du Bedfordshire, dans le centre de l&rsquo;Angleterre, avant de f\u00eater son centi\u00e8me anniversaire le 30 avril. Il comptait lever 1.000 livres sterling pour des associations de soutien aux employ\u00e9s du service public de sant\u00e9, le National Health Service (NHS), les volontaires venus les aider et les patients.<\/p>\n<p>Mais la g\u00e9n\u00e9rosit\u00e9 du public a d\u00e9pass\u00e9 toutes ses attentes, grimpant en fl\u00e8che et d\u00e9passant vendredi soir les 20 millions de livres, soit 23 millions d&rsquo;euros.<\/p>\n<p>Jeudi, \u00abCapitaine Tom\u00bb a accompli les derni\u00e8res m\u00e8tres en veste bard\u00e9e de m\u00e9dailles et cravate, appuy\u00e9 sur son d\u00e9ambulateur, entre deux rang\u00e9es de militaires au garde \u00e0 vous.<\/p>\n<p>\u00abJe me sens bien et j&rsquo;esp\u00e8re que vous allez tous bien\u00bb, a d\u00e9clar\u00e9 cet ing\u00e9nieur de formation au micro de la BBC. \u00abC&rsquo;est une incroyable somme d&rsquo;argent\u00bb.<\/p>\n<p>Sa fille Hannah, \u00e9galement sur la BBC, que l&rsquo;ancien combattant comptait \u00abcontinuer de marcher tant que les gens pensent que ca vaut le coup d&rsquo;investir\u00bb dans cette cause.<\/p>\n<p>C&rsquo;est un effort \u00abh\u00e9ro\u00efque\u00bb qui a \u00abtouch\u00e9 le c\u0153ur de la Nation\u00bb et que Boris Johnson cherchera \u00e0 saluer d&rsquo;une mani\u00e8re ou d&rsquo;une autre, a comment\u00e9 jeudi le porte-parole du Premier ministre au moment o\u00f9 les appels \u00e0 d\u00e9cerner une m\u00e9daille au presque centenaire se multiplient.<\/p>\n<p>Son exploit a fait des \u00e9mules : une nonag\u00e9naire compte grimper l&rsquo;\u00e9quivalent de la montagne Suilven en Ecosse (731 m\u00e8tres) en montant 282 fois les marches de son escalier.<\/p>\n<p>Margaret Payne, 90 ans, s&rsquo;est lanc\u00e9e dimanche dans ce d\u00e9fi qui doit lui prendre deux mois. Vendredi soir, elle avait d\u00e9j\u00e0 collect\u00e9 plus de 140.000 livres pour le NHS, soit cinq fois son objectif initial.<\/p>\n<p>Auteur: elmoudjahid<br \/>\n<a href=\"http:\/\/www.elmoudjahid.com\/fr\/actualites\/151729\">Cliquez ici pour lire l&rsquo;article depuis sa source.<\/a><\/p>\n","protected":false},"excerpt":{"rendered":"<p>Au moment o\u00f9 le pays compte pr\u00e8s de 15.000 morts du Covid-19, l&rsquo;histoire de ce v\u00e9t\u00e9ran de la Seconde guerre mondiale, qui a servi en Inde puis en Birmanie, a mis du baume au coeur des Britanniques. Tom Moore s&rsquo;\u00e9tait fix\u00e9 comme objectif de marcher 100 longueurs de 25 m\u00e8tres de son jardin du Bedfordshire, [&hellip;]<\/p>\n","protected":false},"author":1744,"featured_media":0,"comment_status":"closed","ping_status":"closed","sticky":false,"template":"","format":"standard","meta":{"fifu_image_url":"","fifu_image_alt":"","footnotes":""},"categories":[73,53],"tags":[],"class_list":["post-82773","post","type-post","status-publish","format-standard","hentry","category-actualite","category-algerie"],"_links":{"self":[{"href":"https:\/\/linitiative.ca\/International\/wp-json\/wp\/v2\/posts\/82773","targetHints":{"allow":["GET"]}}],"collection":[{"href":"https:\/\/linitiative.ca\/International\/wp-json\/wp\/v2\/posts"}],"about":[{"href":"https:\/\/linitiative.ca\/International\/wp-json\/wp\/v2\/types\/post"}],"author":[{"embeddable":true,"href":"https:\/\/linitiative.ca\/International\/wp-json\/wp\/v2\/users\/1744"}],"replies":[{"embeddable":true,"href":"https:\/\/linitiative.ca\/International\/wp-json\/wp\/v2\/comments?post=82773"}],"version-history":[{"count":0,"href":"https:\/\/linitiative.ca\/International\/wp-json\/wp\/v2\/posts\/82773\/revisions"}],"wp:attachment":[{"href":"https:\/\/linitiative.ca\/International\/wp-json\/wp\/v2\/media?parent=82773"}],"wp:term":[{"taxonomy":"category","embeddable":true,"href":"https:\/\/linitiative.ca\/International\/wp-json\/wp\/v2\/categories?post=82773"},{"taxonomy":"post_tag","embeddable":true,"href":"https:\/\/linitiative.ca\/International\/wp-json\/wp\/v2\/tags?post=82773"}],"curies":[{"name":"wp","href":"https:\/\/api.w.org\/{rel}","templated":true}]}}