{"id":82775,"date":"2020-04-18T07:38:23","date_gmt":"2020-04-18T11:38:23","guid":{"rendered":"https:\/\/linitiative.ca\/International\/104147-arts-martiaux-jujitsu-la-federation-algerienne-deplore-l-absence-d-un-siege-social\/"},"modified":"2020-04-18T07:38:23","modified_gmt":"2020-04-18T11:38:23","slug":"104147-arts-martiaux-jujitsu-la-federation-algerienne-deplore-l-absence-d-un-siege-social","status":"publish","type":"post","link":"https:\/\/linitiative.ca\/International\/104147-arts-martiaux-jujitsu-la-federation-algerienne-deplore-l-absence-d-un-siege-social\/","title":{"rendered":"Arts martiaux\/ Jujitsu : la F\u00e9d\u00e9ration alg\u00e9rienne d\u00e9plore l&rsquo;absence d&rsquo;un si\u00e8ge social"},"content":{"rendered":"<div readability=\"36\">\n<p><strong>ALGER- La F\u00e9d\u00e9ration alg\u00e9rienne de Jujitsu existe depuis 2017 et elle ne dispose pas encore d&rsquo;un si\u00e8ge social pour mener \u00e0 bien ses missions dont le d\u00e9veloppement de cette discipline sportive \u00e0 travers le\u00a0pays, a regrett\u00e9 le vice-pr\u00e9sident de l&rsquo;instance, Said Fassi.<\/strong><\/p>\n<\/div>\n<div readability=\"104\">\n<p>\u00ab\u00a0Quatre ministres se sont succ\u00e9d\u00e9s \u00e0 la t\u00eate du MJS au cours des trois derni\u00e8res ann\u00e9es. Nous avons \u00e9crit \u00e0 chacun d&rsquo;entre eux, mais sans jamais recevoir de r\u00e9ponse positive\u00a0\u00bb a assur\u00e9 \u00e0 l&rsquo;APS le deuxi\u00e8me plus haut responsable de l&rsquo;instance.<\/p>\n<p>\u00ab\u00a0Un s\u00e9rieux probl\u00e8me dont nous ne sommes pas les seuls \u00e0 souffrir\u00a0\u00bb a poursuivi Fassi, selon lequel \u00a0\u00bb sept autres F\u00e9d\u00e9rations sportives alg\u00e9riennes ne disposent pas encore de leur propre si\u00e8ge social\u00a0\u00bb.<\/p>\n<p>Un fait regrettable selon la m\u00eame source, car il entrave consid\u00e9rablement le travail de l&rsquo;instance, dont \u00ab\u00a0les dirigeants et les techniciens se voient parfois oblig\u00e9s de tenir d&rsquo;importantes r\u00e9unions dans des lieux publics, comme les caf\u00e9s.<\/p>\n<p>Une situation qui a conduit \u00e0 la perte de plusieurs proc\u00e8s verbaux, ainsi que certains dossiers importants, du fait que l&rsquo;instance ne dispose pas d&rsquo;un si\u00e8ge o\u00f9 les archiver.<\/p>\n<p>Cependant, \u00ab\u00a0malgr\u00e9 ces conditions difficiles, nous continuons \u00e0 travailler avec s\u00e9rieux, pour tenir nos engagements envers l&rsquo;Assembl\u00e9e g\u00e9n\u00e9rale et son honorable composante\u00a0\u00bb a expliqu\u00e9 Fassi.<\/p>\n<p>Parmi les importants projets qui ont \u00e9t\u00e9 r\u00e9alis\u00e9s par la F\u00e9d\u00e9ration alg\u00e9rienne de Jujitsu au cours des derniers mois, l&rsquo;introduction de cet art martial dans six cr\u00e8ches pour enfants, en attendant d&rsquo;\u00e9tendre le projet \u00e0 d&rsquo;autres \u00e9coles.<\/p>\n<p>C\u00f4t\u00e9 comp\u00e9tition, la s\u00e9lection nationale des jeunes cat\u00e9gories a pris part aux Mondiaux-2019, disput\u00e9s \u00e0 Abu Dhabi (Emirats Arabes Unis) o\u00f9 elle a r\u00e9ussi \u00e0 d\u00e9crocher une m\u00e9daille d&rsquo;or.<\/p>\n<blockquote readability=\"11\">\n<p><em><strong>\u00ab\u00a0Notre s\u00e9lection nationale avait d\u00e9croch\u00e9 \u00e9galement sept m\u00e9dailles d&rsquo;argent, mais elle f\u00fbt finalement priv\u00e9e pour diverse raisons. Certains de nos athl\u00e8tes ont alors d\u00fb se retirer de la comp\u00e9tition, ce qui nous a co\u00fbt\u00e9s une suspension, ainsi qu&rsquo;une importante sanction financi\u00e8re\u00a0\u00bb a d\u00e9taill\u00e9 Fassi .<\/strong><\/em><\/p>\n<\/blockquote>\n<p>Le Jujitsu compte parmi les arts martiaux japonais les plus anciens, puisque ses origines remontent \u00e0 il y a plus de 1500 ans.<\/p>\n<p>Il compte actuellement 38000 adh\u00e9rents en Alg\u00e9rie, r\u00e9partis sur 47 wilayas.<\/p>\n<p>La discipline est repr\u00e9sent\u00e9e par 10 Ligues de wilaya, \u00ab\u00a0mais six d&rsquo;entre elles n&rsquo;ont pas encore obtenu leur agr\u00e9ment\u00a0\u00bb \u00e0 encore regrett\u00e9 Fassi.<\/p>\n<p>Malgr\u00e9 ces contraintes, la F\u00e9d\u00e9ration a r\u00e9ussi \u00e0 organiser deux championnats nationaux, en 2018 et en 2019, elle dont la cr\u00e9ation remonte \u00e0 2017.<\/p>\n<p>La pratique du Jujitsu en Alg\u00e9rie remonte \u00e0 2008, sous l&rsquo;\u00e9gide de la F\u00e9d\u00e9ration alg\u00e9rienne des arts martiaux.<\/p>\n<p>Ce n&rsquo;est qu&rsquo;en 2012, plus pr\u00e9cis\u00e9ment le 15 f\u00e9vrier, que l&rsquo;Association nationale de Jujitsu a \u00e9t\u00e9 fond\u00e9e\u00a0 avec Mr Abdelaziz Medjahed comme pr\u00e9sident.<\/p>\n<p>A l&rsquo;\u00e9poque\u00a0 la discipline comptait plus de 6000 adh\u00e9rents, r\u00e9partis sur 48 clubs, relevant de 26 wilayas.<\/p>\n<\/div>\n<p>Auteur:<br \/>\n<a href=\"http:\/\/www.aps.dz\/sport\/104147-arts-martiaux-jujitsu-la-federation-algerienne-deplore-l-absence-d-un-siege-social?utm_source=feedburner&#038;utm_medium=feed&#038;utm_campaign=Feed%3A+aps-sport+%28APS+-+SPORT%29\">Cliquez ici pour lire l&rsquo;article depuis sa source.<\/a><\/p>\n","protected":false},"excerpt":{"rendered":"<p>ALGER- La F\u00e9d\u00e9ration alg\u00e9rienne de Jujitsu existe depuis 2017 et elle ne dispose pas encore d&rsquo;un si\u00e8ge social pour mener \u00e0 bien ses missions dont le d\u00e9veloppement de cette discipline sportive \u00e0 travers le\u00a0pays, a regrett\u00e9 le vice-pr\u00e9sident de l&rsquo;instance, Said Fassi. \u00ab\u00a0Quatre ministres se sont succ\u00e9d\u00e9s \u00e0 la t\u00eate du MJS au cours des [&hellip;]<\/p>\n","protected":false},"author":1790,"featured_media":0,"comment_status":"closed","ping_status":"closed","sticky":false,"template":"","format":"standard","meta":{"fifu_image_url":"","fifu_image_alt":"","footnotes":""},"categories":[53,75],"tags":[],"class_list":["post-82775","post","type-post","status-publish","format-standard","hentry","category-algerie","category-sport"],"_links":{"self":[{"href":"https:\/\/linitiative.ca\/International\/wp-json\/wp\/v2\/posts\/82775","targetHints":{"allow":["GET"]}}],"collection":[{"href":"https:\/\/linitiative.ca\/International\/wp-json\/wp\/v2\/posts"}],"about":[{"href":"https:\/\/linitiative.ca\/International\/wp-json\/wp\/v2\/types\/post"}],"author":[{"embeddable":true,"href":"https:\/\/linitiative.ca\/International\/wp-json\/wp\/v2\/users\/1790"}],"replies":[{"embeddable":true,"href":"https:\/\/linitiative.ca\/International\/wp-json\/wp\/v2\/comments?post=82775"}],"version-history":[{"count":0,"href":"https:\/\/linitiative.ca\/International\/wp-json\/wp\/v2\/posts\/82775\/revisions"}],"wp:attachment":[{"href":"https:\/\/linitiative.ca\/International\/wp-json\/wp\/v2\/media?parent=82775"}],"wp:term":[{"taxonomy":"category","embeddable":true,"href":"https:\/\/linitiative.ca\/International\/wp-json\/wp\/v2\/categories?post=82775"},{"taxonomy":"post_tag","embeddable":true,"href":"https:\/\/linitiative.ca\/International\/wp-json\/wp\/v2\/tags?post=82775"}],"curies":[{"name":"wp","href":"https:\/\/api.w.org\/{rel}","templated":true}]}}