{"id":82776,"date":"2020-04-18T14:49:31","date_gmt":"2020-04-18T18:49:31","guid":{"rendered":"https:\/\/linitiative.ca\/International\/104165-coronavirus-le-mjs-prolonge-jusqu-au-29-avril-la-suspension-des-manifestations-sportives\/"},"modified":"2020-04-18T14:49:31","modified_gmt":"2020-04-18T18:49:31","slug":"104165-coronavirus-le-mjs-prolonge-jusqu-au-29-avril-la-suspension-des-manifestations-sportives","status":"publish","type":"post","link":"https:\/\/linitiative.ca\/International\/104165-coronavirus-le-mjs-prolonge-jusqu-au-29-avril-la-suspension-des-manifestations-sportives\/","title":{"rendered":"Coronavirus: le MJS prolonge jusqu&rsquo;au 29 avril la suspension des manifestations sportives"},"content":{"rendered":"<p><span class=\"sp-nh-title\">Omari examine avec le SG de l&rsquo;UGTA l&rsquo;impact du nouveau coronavirus sur le secteur agricole<\/span> &#8211; <span class=\"sp-nh-date\">samedi 18 avril 2020 20:07<\/span><\/p>\n<p><span class=\"sp-nh-title\">Coronavirus: le MJS prolonge jusqu&rsquo;au 29 avril la suspension des manifestations sportives<\/span> &#8211; <span class=\"sp-nh-date\">samedi 18 avril 2020 19:49<\/span><\/p>\n<p><span class=\"sp-nh-title\">Covid-19: Le Conseil national de la famille \u00e9value l\u2019impact du confinement sur les familles alg\u00e9riennes<\/span> &#8211; <span class=\"sp-nh-date\">samedi 18 avril 2020 19:18<\/span><\/p>\n<p><span class=\"sp-nh-title\">AADL: la d\u00e9livrance des affectations report\u00e9e en raison de la pand\u00e9mie de Covid-19<\/span> &#8211; <span class=\"sp-nh-date\">samedi 18 avril 2020 18:47<\/span><\/p>\n<p><span class=\"sp-nh-title\">Distribution de pr\u00e8s de 6 quintaux de viandes rouges \u00e0 des familles d\u00e9munies<\/span> &#8211; <span class=\"sp-nh-date\">samedi 18 avril 2020 18:41<\/span><\/p>\n<p><span class=\"sp-nh-title\">Condol\u00e9ances du Premier ministre \u00e0 la famille de feu Miloud Boutebba, SG du minist\u00e8re des Finances<\/span> &#8211; <span class=\"sp-nh-date\">samedi 18 avril 2020 18:30<\/span><\/p>\n<p><span class=\"sp-nh-title\">Covid-19 : le ministre de la Sant\u00e9 optimiste de l\u2019\u00e9volution de la situation<\/span> &#8211; <span class=\"sp-nh-date\">samedi 18 avril 2020 18:01<\/span><\/p>\n<p><span class=\"sp-nh-title\">Covid-19 : Huawei fait un don de produits et d&rsquo;\u00e9quipements de protection \u00e0 l\u2019Alg\u00e9rie<\/span> &#8211; <span class=\"sp-nh-date\">samedi 18 avril 2020 17:52<\/span><\/p>\n<p><span class=\"sp-nh-title\">Coronavirus : 116 nouveaux cas confirm\u00e9s et 3 nouveaux d\u00e9c\u00e8s en Alg\u00e9rie<\/span> &#8211; <span class=\"sp-nh-date\">samedi 18 avril 2020 17:21<\/span><\/p>\n<p><span class=\"sp-nh-title\">Plus de 200 ONG contestent la nomination d&rsquo;un Marocain \u00e0 une section des droits de l&rsquo;Homme \u00e0 l&rsquo;ONU<\/span> &#8211; <span class=\"sp-nh-date\">samedi 18 avril 2020 17:06<\/span><\/p>\n<p><span class=\"sp-nh-title\">C\u00e9r\u00e9aliculture : Une production record de plus de 394.000 qx attendue \u00e0 Gharda\u00efa<\/span> &#8211; <span class=\"sp-nh-date\">samedi 18 avril 2020 16:33<\/span><\/p>\n<p><span class=\"sp-nh-title\">Le moudjahid et artiste Mohand Arezki Bouzid n&rsquo;est plus<\/span> &#8211; <span class=\"sp-nh-date\">samedi 18 avril 2020 16:30<\/span><\/p>\n<p><span class=\"sp-nh-title\">Covid-19: Reconduction de confinement jusqu&rsquo;au 29 avril 2020<\/span> &#8211; <span class=\"sp-nh-date\">samedi 18 avril 2020 15:41<\/span><\/p>\n<p><span class=\"sp-nh-title\">Covid-19 : fin de quarantaine pour 748 personnes \u00e0 l\u2019h\u00f4tel Mazafran<\/span> &#8211; <span class=\"sp-nh-date\">samedi 18 avril 2020 15:28<\/span><\/p>\n<p><span class=\"sp-nh-title\">Le HCA lance sa biblioth\u00e8que num\u00e9rique sur son portail \u00e9lectronique<\/span> &#8211; <span class=\"sp-nh-date\">samedi 18 avril 2020 14:32<\/span><\/p>\n<p><span class=\"sp-nh-title\">COVID-19 : plusieurs mesures pour le maintien de l\u2019activit\u00e9 \u00e9conomique<\/span> &#8211; <span class=\"sp-nh-date\">samedi 18 avril 2020 14:15<\/span><\/p>\n<p><span class=\"sp-nh-title\">Le Pr\u00e9sident Tebboune pr\u00e9side dimanche une r\u00e9union du Conseil des ministres<\/span> &#8211; <span class=\"sp-nh-date\">samedi 18 avril 2020 14:01<\/span><\/p>\n<p><span class=\"sp-nh-title\">Covid-19: les pertes \u00e9conomiques non prises en charge par l&rsquo;Assurance<\/span> &#8211; <span class=\"sp-nh-date\">samedi 18 avril 2020 12:59<\/span><\/p>\n<p><span class=\"sp-nh-title\">Arts martiaux\/ Jujitsu : la F\u00e9d\u00e9ration alg\u00e9rienne d\u00e9plore l&rsquo;absence d&rsquo;un si\u00e8ge social<\/span> &#8211; <span class=\"sp-nh-date\">samedi 18 avril 2020 12:38<\/span><\/p>\n<p><span class=\"sp-nh-title\">Pluies orageuses sur plusieurs wilayas \u00e0 partir de samedi apr\u00e8s-midi<\/span> &#8211; <span class=\"sp-nh-date\">samedi 18 avril 2020 12:29<\/span><\/p>\n<p>Auteur:<br \/>\n<a href=\"http:\/\/www.aps.dz\/sport\/104165-coronavirus-le-mjs-prolonge-jusqu-au-29-avril-la-suspension-des-manifestations-sportives?utm_source=feedburner&#038;utm_medium=feed&#038;utm_campaign=Feed%3A+aps-sport+%28APS+-+SPORT%29\">Cliquez ici pour lire l&rsquo;article depuis sa source.<\/a><\/p>\n","protected":false},"excerpt":{"rendered":"<p>Omari examine avec le SG de l&rsquo;UGTA l&rsquo;impact du nouveau coronavirus sur le secteur agricole &#8211; samedi 18 avril 2020 20:07 Coronavirus: le MJS prolonge jusqu&rsquo;au 29 avril la suspension des manifestations sportives &#8211; samedi 18 avril 2020 19:49 Covid-19: Le Conseil national de la famille \u00e9value l\u2019impact du confinement sur les familles alg\u00e9riennes &#8211; [&hellip;]<\/p>\n","protected":false},"author":1790,"featured_media":0,"comment_status":"closed","ping_status":"closed","sticky":false,"template":"","format":"standard","meta":{"fifu_image_url":"","fifu_image_alt":"","footnotes":""},"categories":[53,75],"tags":[],"class_list":["post-82776","post","type-post","status-publish","format-standard","hentry","category-algerie","category-sport"],"_links":{"self":[{"href":"https:\/\/linitiative.ca\/International\/wp-json\/wp\/v2\/posts\/82776","targetHints":{"allow":["GET"]}}],"collection":[{"href":"https:\/\/linitiative.ca\/International\/wp-json\/wp\/v2\/posts"}],"about":[{"href":"https:\/\/linitiative.ca\/International\/wp-json\/wp\/v2\/types\/post"}],"author":[{"embeddable":true,"href":"https:\/\/linitiative.ca\/International\/wp-json\/wp\/v2\/users\/1790"}],"replies":[{"embeddable":true,"href":"https:\/\/linitiative.ca\/International\/wp-json\/wp\/v2\/comments?post=82776"}],"version-history":[{"count":0,"href":"https:\/\/linitiative.ca\/International\/wp-json\/wp\/v2\/posts\/82776\/revisions"}],"wp:attachment":[{"href":"https:\/\/linitiative.ca\/International\/wp-json\/wp\/v2\/media?parent=82776"}],"wp:term":[{"taxonomy":"category","embeddable":true,"href":"https:\/\/linitiative.ca\/International\/wp-json\/wp\/v2\/categories?post=82776"},{"taxonomy":"post_tag","embeddable":true,"href":"https:\/\/linitiative.ca\/International\/wp-json\/wp\/v2\/tags?post=82776"}],"curies":[{"name":"wp","href":"https:\/\/api.w.org\/{rel}","templated":true}]}}