{"id":82777,"date":"2020-04-18T11:28:00","date_gmt":"2020-04-18T15:28:00","guid":{"rendered":"https:\/\/linitiative.ca\/International\/par-visioconference-le-president-tebboune-preside-aujourdhui-un-conseil-des-ministres\/"},"modified":"2020-04-18T11:28:00","modified_gmt":"2020-04-18T15:28:00","slug":"par-visioconference-le-president-tebboune-preside-aujourdhui-un-conseil-des-ministres","status":"publish","type":"post","link":"https:\/\/linitiative.ca\/International\/par-visioconference-le-president-tebboune-preside-aujourdhui-un-conseil-des-ministres\/","title":{"rendered":"PAR VISIOCONFERENCE : Le pr\u00e9sident Tebboune pr\u00e9side aujourd\u2019hui un Conseil des ministres"},"content":{"rendered":"<p><br id=\"sep_para_1\" class=\"sep_para access\"\/><\/p>\n<div id=\"para_1\" class=\"para_36539218 resize\">\n<div class=\"photo shadow left\"><a href=\"javascript:void(0)\" rel=\"https:\/\/www.reflexiondz.net\/photo\/art\/grande\/44999020-36539218.jpg?v=1587228218&amp;ibox\" title=\"PAR VISIOCONFERENCE : Le pr\u00e9sident Tebboune pr\u00e9side aujourd\u2019hui un Conseil des ministres\"><img decoding=\"async\" class=\"responsive c9\" src=\"https:\/\/www.reflexiondz.net\/photo\/art\/grande\/44999020-36539218.jpg?v=1587228218\" alt=\"PAR VISIOCONFERENCE : Le pr\u00e9sident Tebboune pr\u00e9side aujourd\u2019hui un Conseil des ministres\" title=\"PAR VISIOCONFERENCE : Le pr\u00e9sident Tebboune pr\u00e9side aujourd\u2019hui un Conseil des ministres\"\/><img decoding=\"async\" class=\"not-responsive\" src=\"https:\/\/www.reflexiondz.net\/photo\/art\/default\/44999020-36539218.jpg?v=1587228219\" alt=\"PAR VISIOCONFERENCE : Le pr\u00e9sident Tebboune pr\u00e9side aujourd\u2019hui un Conseil des ministres\" title=\"PAR VISIOCONFERENCE : Le pr\u00e9sident Tebboune pr\u00e9side aujourd\u2019hui un Conseil des ministres\"\/><\/a><\/div>\n<div class=\"texte access firstletter\">Le Pr\u00e9sident de la R\u00e9publique, chef supr\u00eame des Forces Arm\u00e9es, ministre de la D\u00e9fense nationale, M. Abdelmadjid Tebboune, pr\u00e9sidera, dimanche 19 avril 2020, la r\u00e9union p\u00e9riodique du Conseil des ministres en visioconf\u00e9rence\u00a0\u00bb, lit-on dans le communiqu\u00e9.\u00a0\u00bbL\u2019ordre du jour de cette r\u00e9union comprend l\u2019examen et l\u2019adoption de plusieurs expos\u00e9s minist\u00e9riels relatifs essentiellement \u00e0 la r\u00e9vision du Code p\u00e9nal et aux mesures prises en vue de relancer le cycle \u00e9conomique, apr\u00e8s la pand\u00e9mie de Coronavirus et \u00e0 la lumi\u00e8re de la r\u00e9forme de la gouvernance dans le secteur industriel.Il s\u2019agit \u00e9galement de la situation du march\u00e9 p\u00e9trolier mondial, de l&rsquo;\u00e9volution de la crise sanitaire nationale due \u00e0 la propagation du Covid-19 et de la prise en charge sociale des familles impact\u00e9es.Le conseil des Ministres se penchera \u00e9galement sur les mesures de solidarit\u00e9 pour le Ramadhan et la contribution des jeunes et des start-up dans la pr\u00e9vention de cette pand\u00e9mie\u00a0\u00bb, conclut le communiqu\u00e9. Rappelons que le pr\u00e9sident Abdelmadjid Tebboune avait instruit le gouvernement, lors du dernier Conseil des ministres, de r\u00e9duire la facture des importations de 41 milliards de dollars \u00e0 31 milliards de dollars. Le pr\u00e9sident de la R\u00e9publique avait \u00e9galement demand\u00e9 au gouvernement de r\u00e9duire le budget de fonctionnement de 30%, sans toucher aux charges salariales. Le pr\u00e9sident Tebboune avait inform\u00e9 le Conseil des ministres de sa d\u00e9cision de reporter l\u2019examen du projet de loi de finances compl\u00e9mentaire jusqu\u2019\u00e0 une \u00e9valuation des r\u00e9percussions des mesures financi\u00e8res prises au niveau gouvernemental et de l\u2019\u00e9volution de la situation dans le monde. Le pr\u00e9sident a pris la d\u00e9cision d\u2019arr\u00eater toute collaboration avec les bureaux d\u2019\u00e9tudes \u00e9trangers, ce qui permettra \u00e0 l\u2019Alg\u00e9rie d\u2019\u00e9conomiser environ sept milliards de dollars par an. Il a \u00e9galement instruit le gouvernement de reporter les projets inscrits, ou en cours d\u2019inscriptions, dont les travaux n\u2019ont pas encore\u00a0 d\u00e9marr\u00e9s, sauf les projets dans les zones d\u2019ombre, ainsi que le projet li\u00e9 \u00e0 l\u2019\u00e9tude de l\u2019H\u00f4pital de lutte contre le cancer \u00e0 Djelfa.<\/div>\n<\/div>\n<p>Auteur: Ismain<br \/>\n<a href=\"https:\/\/www.reflexiondz.net\/PAR-VISIOCONFERENCE-Le-president-Tebboune-preside-aujourd-hui-un-Conseil-des-ministres_a62074.html\">Cliquez ici pour lire l&rsquo;article depuis sa source.<\/a><\/p>\n","protected":false},"excerpt":{"rendered":"<p>Le Pr\u00e9sident de la R\u00e9publique, chef supr\u00eame des Forces Arm\u00e9es, ministre de la D\u00e9fense nationale, M. Abdelmadjid Tebboune, pr\u00e9sidera, dimanche 19 avril 2020, la r\u00e9union p\u00e9riodique du Conseil des ministres en visioconf\u00e9rence\u00a0\u00bb, lit-on dans le communiqu\u00e9.\u00a0\u00bbL\u2019ordre du jour de cette r\u00e9union comprend l\u2019examen et l\u2019adoption de plusieurs expos\u00e9s minist\u00e9riels relatifs essentiellement \u00e0 la r\u00e9vision du [&hellip;]<\/p>\n","protected":false},"author":1740,"featured_media":0,"comment_status":"closed","ping_status":"closed","sticky":false,"template":"","format":"standard","meta":{"fifu_image_url":"","fifu_image_alt":"","footnotes":""},"categories":[53,76],"tags":[],"class_list":["post-82777","post","type-post","status-publish","format-standard","hentry","category-algerie","category-regions"],"_links":{"self":[{"href":"https:\/\/linitiative.ca\/International\/wp-json\/wp\/v2\/posts\/82777","targetHints":{"allow":["GET"]}}],"collection":[{"href":"https:\/\/linitiative.ca\/International\/wp-json\/wp\/v2\/posts"}],"about":[{"href":"https:\/\/linitiative.ca\/International\/wp-json\/wp\/v2\/types\/post"}],"author":[{"embeddable":true,"href":"https:\/\/linitiative.ca\/International\/wp-json\/wp\/v2\/users\/1740"}],"replies":[{"embeddable":true,"href":"https:\/\/linitiative.ca\/International\/wp-json\/wp\/v2\/comments?post=82777"}],"version-history":[{"count":0,"href":"https:\/\/linitiative.ca\/International\/wp-json\/wp\/v2\/posts\/82777\/revisions"}],"wp:attachment":[{"href":"https:\/\/linitiative.ca\/International\/wp-json\/wp\/v2\/media?parent=82777"}],"wp:term":[{"taxonomy":"category","embeddable":true,"href":"https:\/\/linitiative.ca\/International\/wp-json\/wp\/v2\/categories?post=82777"},{"taxonomy":"post_tag","embeddable":true,"href":"https:\/\/linitiative.ca\/International\/wp-json\/wp\/v2\/tags?post=82777"}],"curies":[{"name":"wp","href":"https:\/\/api.w.org\/{rel}","templated":true}]}}