{"id":82778,"date":"2020-04-18T11:28:00","date_gmt":"2020-04-18T15:28:00","guid":{"rendered":"https:\/\/linitiative.ca\/International\/ain-nouissy-distribution-de-12-000-bavettes-medicales-aux-administrations-et-aux-associations\/"},"modified":"2020-04-18T11:28:00","modified_gmt":"2020-04-18T15:28:00","slug":"ain-nouissy-distribution-de-12-000-bavettes-medicales-aux-administrations-et-aux-associations","status":"publish","type":"post","link":"https:\/\/linitiative.ca\/International\/ain-nouissy-distribution-de-12-000-bavettes-medicales-aux-administrations-et-aux-associations\/","title":{"rendered":"AIN NOUISSY : Distribution de 12 000 bavettes m\u00e9dicales aux administrations et aux associations"},"content":{"rendered":"<p><br id=\"sep_para_1\" class=\"sep_para access\"\/><\/p>\n<div id=\"para_1\" class=\"para_36539086 resize\">\n<div class=\"texte access firstletter\">\u00a0Dans le cadre de la lutte\u00a0 contre le Coronavirus, l\u2019association de bienfaisance, \u2018\u2019Kefil el yatim\u2019\u2019, bureau d\u2019Ain Nouissy en coordination avec l\u2019unit\u00e9 secondaire\u00a0 de la protection civile de cette localit\u00e9. a organis\u00e9\u00a0 une op\u00e9ration de\u00a0 d\u00e9sinfection et\u00a0 de st\u00e9rilisation au niveau des endroits publics . A travers cette op\u00e9ration ,une large op\u00e9ration de sensibilisation a \u00e9t\u00e9 \u00e9galement effectu\u00e9e en compagnie des autorit\u00e9s locales, des associations actives, de\u00a0 la protection civile et les services de la sant\u00e9 publique au niveau\u00a0 de tous les douars de la commune. Cette association a distribu\u00e9 pr\u00e9s de 12 000 bavettes m\u00e9dicales aux administrations et aux associations de cette agglom\u00e9ration.\u00a0 Elle poursuit les journ\u00e9es de sensibilisation en compagnie de la suret\u00e9 de da\u00efra,\u00a0 de\u00a0 la gendarmerie sous le slogan, restez chez soi.<\/div>\n<\/div>\n<p>Auteur: Gana Yacine<br \/>\n<a href=\"https:\/\/www.reflexiondz.net\/AIN-NOUISSY-Distribution-de-12-000-bavettes-medicales-aux-administrations-et-aux-associations_a62071.html\">Cliquez ici pour lire l&rsquo;article depuis sa source.<\/a><\/p>\n","protected":false},"excerpt":{"rendered":"<p>\u00a0Dans le cadre de la lutte\u00a0 contre le Coronavirus, l\u2019association de bienfaisance, \u2018\u2019Kefil el yatim\u2019\u2019, bureau d\u2019Ain Nouissy en coordination avec l\u2019unit\u00e9 secondaire\u00a0 de la protection civile de cette localit\u00e9. a organis\u00e9\u00a0 une op\u00e9ration de\u00a0 d\u00e9sinfection et\u00a0 de st\u00e9rilisation au niveau des endroits publics . A travers cette op\u00e9ration ,une large op\u00e9ration de sensibilisation a [&hellip;]<\/p>\n","protected":false},"author":1740,"featured_media":0,"comment_status":"closed","ping_status":"closed","sticky":false,"template":"","format":"standard","meta":{"fifu_image_url":"","fifu_image_alt":"","footnotes":""},"categories":[53,76],"tags":[],"class_list":["post-82778","post","type-post","status-publish","format-standard","hentry","category-algerie","category-regions"],"_links":{"self":[{"href":"https:\/\/linitiative.ca\/International\/wp-json\/wp\/v2\/posts\/82778","targetHints":{"allow":["GET"]}}],"collection":[{"href":"https:\/\/linitiative.ca\/International\/wp-json\/wp\/v2\/posts"}],"about":[{"href":"https:\/\/linitiative.ca\/International\/wp-json\/wp\/v2\/types\/post"}],"author":[{"embeddable":true,"href":"https:\/\/linitiative.ca\/International\/wp-json\/wp\/v2\/users\/1740"}],"replies":[{"embeddable":true,"href":"https:\/\/linitiative.ca\/International\/wp-json\/wp\/v2\/comments?post=82778"}],"version-history":[{"count":0,"href":"https:\/\/linitiative.ca\/International\/wp-json\/wp\/v2\/posts\/82778\/revisions"}],"wp:attachment":[{"href":"https:\/\/linitiative.ca\/International\/wp-json\/wp\/v2\/media?parent=82778"}],"wp:term":[{"taxonomy":"category","embeddable":true,"href":"https:\/\/linitiative.ca\/International\/wp-json\/wp\/v2\/categories?post=82778"},{"taxonomy":"post_tag","embeddable":true,"href":"https:\/\/linitiative.ca\/International\/wp-json\/wp\/v2\/tags?post=82778"}],"curies":[{"name":"wp","href":"https:\/\/api.w.org\/{rel}","templated":true}]}}