{"id":82780,"date":"2020-04-18T11:47:00","date_gmt":"2020-04-18T15:47:00","guid":{"rendered":"https:\/\/linitiative.ca\/International\/arrestation-des-generaux-de-lanp-le-ministere-de-la-defense-dement\/"},"modified":"2020-04-18T11:47:00","modified_gmt":"2020-04-18T15:47:00","slug":"arrestation-des-generaux-de-lanp-le-ministere-de-la-defense-dement","status":"publish","type":"post","link":"https:\/\/linitiative.ca\/International\/arrestation-des-generaux-de-lanp-le-ministere-de-la-defense-dement\/","title":{"rendered":"Arrestation des g\u00e9n\u00e9raux de l&rsquo;ANP : le Minist\u00e8re de la D\u00e9fense d\u00e9ment"},"content":{"rendered":"<p><br id=\"sep_para_1\" class=\"sep_para access\"\/><\/p>\n<div id=\"para_1\" class=\"para_36539289 resize\">\n<div class=\"photo shadow left\"><a href=\"javascript:void(0)\" rel=\"https:\/\/www.reflexiondz.net\/photo\/art\/grande\/44999078-36539289.jpg?v=1587228224&amp;ibox\" title=\"Arrestation des g\u00e9n\u00e9raux de l'ANP : le Minist\u00e8re de la D\u00e9fense d\u00e9ment\"><img decoding=\"async\" class=\"responsive c9\" src=\"https:\/\/www.reflexiondz.net\/photo\/art\/grande\/44999078-36539289.jpg?v=1587228224\" alt=\"Arrestation des g\u00e9n\u00e9raux de l'ANP : le Minist\u00e8re de la D\u00e9fense d\u00e9ment\" title=\"Arrestation des g\u00e9n\u00e9raux de l'ANP : le Minist\u00e8re de la D\u00e9fense d\u00e9ment\"\/><img decoding=\"async\" class=\"not-responsive\" src=\"https:\/\/www.reflexiondz.net\/photo\/art\/default\/44999078-36539289.jpg?v=1587228225\" alt=\"Arrestation des g\u00e9n\u00e9raux de l'ANP : le Minist\u00e8re de la D\u00e9fense d\u00e9ment\" title=\"Arrestation des g\u00e9n\u00e9raux de l'ANP : le Minist\u00e8re de la D\u00e9fense d\u00e9ment\"\/><\/a><\/div>\n<div class=\"texte access firstletter\">Le minist\u00e8re de la D\u00e9fense nationale (MDN) a d\u00e9menti, samedi dans un communiqu\u00e9, \u00ab\u00a0cat\u00e9goriquement\u00a0\u00bb les rumeurs concernant le limogeage et l&rsquo;arrestation d&rsquo;un nombre de chefs de structures centrales et de cadres sup\u00e9rieurs au sein de l&rsquo;Arm\u00e9e nationale populaire (ANP). \u00ab\u00a0Certains sites \u00e9lectroniques et r\u00e9seaux sociaux ont fait circuler, vendredi 17 avril 2020, de fausses informations et des rumeurs concernant le limogeage et l&rsquo;arrestation d&rsquo;un nombre de chefs de structures centrales et de cadres sup\u00e9rieurs au sein de l&rsquo;Arm\u00e9e nationale populaire\u00a0\u00bb, a pr\u00e9cis\u00e9 le MDN. \u00ab\u00a0Le MDN d\u00e9ment cat\u00e9goriquement ces all\u00e9gations tendancieuses colport\u00e9es par des porte-voix et des parties malintentionn\u00e9es qui n&rsquo;ont pas dig\u00e9r\u00e9 les changements initi\u00e9s par Monsieur le pr\u00e9sident de la R\u00e9publique, chef supr\u00eame des Forces Arm\u00e9es, Ministre de la D\u00e9fense nationale, tentant vainement de semer la confusion et le trouble au sein des rangs de l&rsquo;ANP, qui demeurera \u00e0 jamais le rempart imp\u00e9n\u00e9trable qui pr\u00e9serve notre Patrie des complots et des conspirations\u00a0\u00bb, a ajout\u00e9 la m\u00eame source. A cet effet, le MDN, qui d\u00e9nonce \u00ab\u00a0avec force ce genre de pratiques abjectes, saura engager les actions l\u00e9gales requises pour pr\u00e9senter les instigateurs de ces campagnes devant la justice, afin de mettre un terme \u00e0 ces d\u00e9sinformations et manipulations de l\u2019opinion publique\u00a0\u00bb. Par ailleurs, le MDN affirme que \u00ab\u00a0toutes les d\u00e9cisions prises dans ce cadre, sont trait\u00e9es m\u00e9diatiquement en toute transparence, et que l&rsquo;opinion publique est inform\u00e9e au moment opportun\u00a0\u00bb. Il est \u00e0 signaler que plusieurs informations infond\u00e9es ont, malheureusement, circul\u00e9 sur les r\u00e9seaux sociaux et le web alg\u00e9rien vendredi. Ces informations rapportaient l\u2019arrestation de plusieurs g\u00e9n\u00e9raux-majors et hauts responsables du minist\u00e8re de la D\u00e9fense nationale. Certains m\u00e9dias \u00e9lectroniques alg\u00e9riens ou pages Facebook ont fait croire aux Alg\u00e9riens que le g\u00e9n\u00e9ral-major Ali Akroum, responsable du d\u00e9partement Organisation et Logistique de l\u2019\u00e9tat-major g\u00e9n\u00e9ral de l\u2019Arm\u00e9e nationale et populaire (ANP), a \u00e9t\u00e9 arr\u00eat\u00e9 et incarc\u00e9r\u00e9. Ces m\u00eames sources ont rapport\u00e9 \u00e9galement l\u2019arrestation du Commandant des forces de d\u00e9fense a\u00e9rienne du territoire depuis le 17 juillet 2008, le g\u00e9n\u00e9ral-major Amar Amrani. Or, ces informations sont totalement fausses.<\/div>\n<\/div>\n<p>Auteur: R\u00e9flexion<br \/>\n<a href=\"https:\/\/www.reflexiondz.net\/Arrestation-des-generaux-de-l-ANP-le-Ministere-de-la-Defense-dement_a62084.html\">Cliquez ici pour lire l&rsquo;article depuis sa source.<\/a><\/p>\n","protected":false},"excerpt":{"rendered":"<p>Le minist\u00e8re de la D\u00e9fense nationale (MDN) a d\u00e9menti, samedi dans un communiqu\u00e9, \u00ab\u00a0cat\u00e9goriquement\u00a0\u00bb les rumeurs concernant le limogeage et l&rsquo;arrestation d&rsquo;un nombre de chefs de structures centrales et de cadres sup\u00e9rieurs au sein de l&rsquo;Arm\u00e9e nationale populaire (ANP). \u00ab\u00a0Certains sites \u00e9lectroniques et r\u00e9seaux sociaux ont fait circuler, vendredi 17 avril 2020, de fausses informations [&hellip;]<\/p>\n","protected":false},"author":1740,"featured_media":0,"comment_status":"closed","ping_status":"closed","sticky":false,"template":"","format":"standard","meta":{"fifu_image_url":"","fifu_image_alt":"","footnotes":""},"categories":[53,76],"tags":[],"class_list":["post-82780","post","type-post","status-publish","format-standard","hentry","category-algerie","category-regions"],"_links":{"self":[{"href":"https:\/\/linitiative.ca\/International\/wp-json\/wp\/v2\/posts\/82780","targetHints":{"allow":["GET"]}}],"collection":[{"href":"https:\/\/linitiative.ca\/International\/wp-json\/wp\/v2\/posts"}],"about":[{"href":"https:\/\/linitiative.ca\/International\/wp-json\/wp\/v2\/types\/post"}],"author":[{"embeddable":true,"href":"https:\/\/linitiative.ca\/International\/wp-json\/wp\/v2\/users\/1740"}],"replies":[{"embeddable":true,"href":"https:\/\/linitiative.ca\/International\/wp-json\/wp\/v2\/comments?post=82780"}],"version-history":[{"count":0,"href":"https:\/\/linitiative.ca\/International\/wp-json\/wp\/v2\/posts\/82780\/revisions"}],"wp:attachment":[{"href":"https:\/\/linitiative.ca\/International\/wp-json\/wp\/v2\/media?parent=82780"}],"wp:term":[{"taxonomy":"category","embeddable":true,"href":"https:\/\/linitiative.ca\/International\/wp-json\/wp\/v2\/categories?post=82780"},{"taxonomy":"post_tag","embeddable":true,"href":"https:\/\/linitiative.ca\/International\/wp-json\/wp\/v2\/tags?post=82780"}],"curies":[{"name":"wp","href":"https:\/\/api.w.org\/{rel}","templated":true}]}}