{"id":82781,"date":"2020-04-18T11:47:00","date_gmt":"2020-04-18T15:47:00","guid":{"rendered":"https:\/\/linitiative.ca\/International\/lalgerie-perd-sa-place-de-1er-fournisseur-de-gaz-pour-lespagne\/"},"modified":"2020-04-18T11:47:00","modified_gmt":"2020-04-18T15:47:00","slug":"lalgerie-perd-sa-place-de-1er-fournisseur-de-gaz-pour-lespagne","status":"publish","type":"post","link":"https:\/\/linitiative.ca\/International\/lalgerie-perd-sa-place-de-1er-fournisseur-de-gaz-pour-lespagne\/","title":{"rendered":"L\u2019Alg\u00e9rie perd sa place de 1er fournisseur de Gaz pour l\u2019Espagne"},"content":{"rendered":"<p><br id=\"sep_para_1\" class=\"sep_para access\"\/><\/p>\n<div id=\"para_1\" class=\"para_36539294 resize\">\n<div class=\"texte access firstletter\">L\u2019Alg\u00e9rie a perdu du terrain face \u00e0 de nouveaux concurrents en mati\u00e8res de fourniture de gaz naturel pour l\u2019Espagne, car selon les donn\u00e9es de Cores relatifs aux importations de gaz de l\u2019Espagne durant le mois de f\u00e9vrier, l\u2019Alg\u00e9rie a \u00e9t\u00e9 d\u00e9tr\u00f4n\u00e9e par les Etats-Unis, pratiquement autosuffisants et exportent p\u00e9trole et gaz. En 2018, l\u2019Alg\u00e9rie avait couvert pr\u00e8s de 48.5% du gaz naturel consomm\u00e9 en Espagne, en effet la soci\u00e9t\u00e9 qui g\u00e8re les r\u00e9serves espagnoles d\u2019hydrocarbures, a r\u00e9v\u00e9l\u00e9 \u00ab qu\u2019un revirement brusque est arriv\u00e9 en 2019 avec une baisse des achats espagnols en hydrocarbures en provenance de l\u2019Alg\u00e9rie de 38.4%, mais le f\u00e9vrier 2020 les USA auraient couvert , 27% des importations espagnoles de gaz naturel soit 7.924 GWh, devenant par la livraison d\u2019une quantit\u00e9 pareille en gaz naturel le premier et principal fournisseur depuis trois d\u00e9cennies , l\u2019Alg\u00e9rie est ainsi rel\u00e9gu\u00e9e \u00e0 la seconde position des fournisseurs d\u2019Espagne en gaz avec 6.631 GWh, soit une part de march\u00e9 de 22,6%, loin derri\u00e8re les Etats-Unis.<\/div>\n<\/div>\n<p>Auteur: R\u00e9flexion<br \/>\n<a href=\"https:\/\/www.reflexiondz.net\/L-Algerie-perd-sa-place-de-1er-fournisseur-de-Gaz-pour-l-Espagne_a62086.html\">Cliquez ici pour lire l&rsquo;article depuis sa source.<\/a><\/p>\n","protected":false},"excerpt":{"rendered":"<p>L\u2019Alg\u00e9rie a perdu du terrain face \u00e0 de nouveaux concurrents en mati\u00e8res de fourniture de gaz naturel pour l\u2019Espagne, car selon les donn\u00e9es de Cores relatifs aux importations de gaz de l\u2019Espagne durant le mois de f\u00e9vrier, l\u2019Alg\u00e9rie a \u00e9t\u00e9 d\u00e9tr\u00f4n\u00e9e par les Etats-Unis, pratiquement autosuffisants et exportent p\u00e9trole et gaz. En 2018, l\u2019Alg\u00e9rie avait [&hellip;]<\/p>\n","protected":false},"author":1740,"featured_media":0,"comment_status":"closed","ping_status":"closed","sticky":false,"template":"","format":"standard","meta":{"fifu_image_url":"","fifu_image_alt":"","footnotes":""},"categories":[53,76],"tags":[],"class_list":["post-82781","post","type-post","status-publish","format-standard","hentry","category-algerie","category-regions"],"_links":{"self":[{"href":"https:\/\/linitiative.ca\/International\/wp-json\/wp\/v2\/posts\/82781","targetHints":{"allow":["GET"]}}],"collection":[{"href":"https:\/\/linitiative.ca\/International\/wp-json\/wp\/v2\/posts"}],"about":[{"href":"https:\/\/linitiative.ca\/International\/wp-json\/wp\/v2\/types\/post"}],"author":[{"embeddable":true,"href":"https:\/\/linitiative.ca\/International\/wp-json\/wp\/v2\/users\/1740"}],"replies":[{"embeddable":true,"href":"https:\/\/linitiative.ca\/International\/wp-json\/wp\/v2\/comments?post=82781"}],"version-history":[{"count":0,"href":"https:\/\/linitiative.ca\/International\/wp-json\/wp\/v2\/posts\/82781\/revisions"}],"wp:attachment":[{"href":"https:\/\/linitiative.ca\/International\/wp-json\/wp\/v2\/media?parent=82781"}],"wp:term":[{"taxonomy":"category","embeddable":true,"href":"https:\/\/linitiative.ca\/International\/wp-json\/wp\/v2\/categories?post=82781"},{"taxonomy":"post_tag","embeddable":true,"href":"https:\/\/linitiative.ca\/International\/wp-json\/wp\/v2\/tags?post=82781"}],"curies":[{"name":"wp","href":"https:\/\/api.w.org\/{rel}","templated":true}]}}