{"id":82782,"date":"2020-04-17T15:00:00","date_gmt":"2020-04-17T19:00:00","guid":{"rendered":"https:\/\/linitiative.ca\/International\/financement-etranger-de-la-presse-tous-les-dossiers-seront-ouverts\/"},"modified":"2020-04-17T15:00:00","modified_gmt":"2020-04-17T19:00:00","slug":"financement-etranger-de-la-presse-tous-les-dossiers-seront-ouverts","status":"publish","type":"post","link":"https:\/\/linitiative.ca\/International\/financement-etranger-de-la-presse-tous-les-dossiers-seront-ouverts\/","title":{"rendered":"Financement \u00e9tranger de la presse : tous les dossiers seront ouverts"},"content":{"rendered":"<p><br class=\"autobr\"\/><strong>Tous les dossiers de financements ext\u00e9rieurs au b\u00e9n\u00e9fice de la presse ou de tout autre secteur seront ouverts. C\u2019est la ferme volont\u00e9 affich\u00e9e au grand jour par le minist\u00e8re de la Communication.<\/strong><\/p>\n<p><br class=\"autobr\"\/><br \/>\n\u00ab\u00a0Tous les dossiers de financements ext\u00e9rieurs au b\u00e9n\u00e9fice de la presse ou de tout autre secteur seront ouverts, c\u2019est-\u00e0-dire mis \u00e0 plat par les instances ad hoc de l\u2019Etat\u00a0\u00bb, a affirm\u00e9 un communiqu\u00e9 du minist\u00e8re de la Communication rendu public jeudi dernier.<\/p>\n<blockquote readability=\"13\">\n<p><br class=\"autobr\"\/><em><strong><span class=\"c5\">Cet examen et cette exposition en d\u00e9tail, pr\u00e9cise-t-on, seront effectu\u00e9s sous l\u2019angle de ce que ces financements \u00e9trangers rec\u00e8lent comme atteintes caract\u00e9ris\u00e9es \u00e0 la souverainet\u00e9 nationale. \u00ab\u00a0Ces financements alimentent, par ailleurs, les r\u00e9sistances aux r\u00e9formes patriotiques souhait\u00e9es\u00a0\u00bb, estime la m\u00eame source.<\/span><\/strong><\/em><\/p>\n<\/blockquote>\n<p><br class=\"autobr\"\/><br \/>\nLe minist\u00e8re de la Communication a rappel\u00e9 que le premier responsable du secteur, M.\u00a0Ammar Belhimer, porte-parole du gouvernement, avait r\u00e9cemment appel\u00e9 tous les acteurs de la presse nationale au \u00ab\u00a0strict respect de la loi, notamment en ce qui concerne les financements \u00e9trangers\u00a0\u00bb et avait pr\u00e9cis\u00e9 que \u00ab\u00a0ces financements ext\u00e9rieurs quelles qu\u2019en soient la nature, l\u2019origine et la provenance sont absolument interdits\u00a0\u00bb.<\/p>\n<p><br class=\"autobr\"\/><br \/>\nRappelant \u00e9galement que les financements ext\u00e9rieurs de la presse sont prohib\u00e9s en vertu de la loi organique n\u00b0\u00a012-05 du 1er janvier 2012 relative \u00e0 l\u2019Information et de la loi n\u00b0\u00a014-04 du 24 f\u00e9vrier 2014 relative \u00e0 l\u2019activit\u00e9 audiovisuelle, le minist\u00e8re de la Communication a relev\u00e9 que \u00ab\u00a0les financements \u00e9trangers de quelque activit\u00e9 que ce soit sont encadr\u00e9s par la loi \u00e0 laquelle nul ne peut d\u00e9roger\u00a0\u00bb.<\/p>\n<blockquote readability=\"15\">\n<p><br class=\"autobr\"\/><em><strong><span class=\"c5\">S\u2019agissant de la presse nationale, l\u2019article 29 de la loi sur l\u2019Information stipule, en effet, de mani\u00e8re \u00ab\u00a0claire et pr\u00e9cise\u00a0\u00bb, que \u00ab\u00a0l\u2019aide mat\u00e9rielle directe et indirecte de toute partie \u00e9trang\u00e8re est interdite\u00a0\u00bb, a not\u00e9 le communiqu\u00e9, ajoutant que le m\u00eame article oblige tous les m\u00e9dias \u00e9crits et audiovisuels \u00e0 \u00ab\u00a0d\u00e9clarer ou \u00e0 justifier l\u2019origine des fonds constituants leur capital social et ceux n\u00e9cessaires \u00e0 leur gestion, conform\u00e9ment \u00e0 la l\u00e9gislation en vigueur\u00a0\u00bb.<\/span><\/strong><\/em><\/p>\n<\/blockquote>\n<p><br class=\"autobr\"\/><br \/>\nA propos des t\u00e9l\u00e9visions et des radios hertziennes ou satellitaires, des WebTV et des Web-radios, la loi n\u00b0\u00a014-04 du 24 f\u00e9vrier 2014 \u00ab\u00a0\u00e9nonce, par ailleurs, et de mani\u00e8re nette, la stricte obligation de justifier de \u00ab\u00a0l\u2019exclusivit\u00e9 nationale\u00a0\u00bb du capital social ainsi que \u00ab\u00a0l\u2019origine des fonds investis\u00a0\u00bb, rappelle la m\u00eame source.<\/p>\n<p><br class=\"autobr\"\/><br \/>\nCette mise \u00e0 plat des financements \u00e9trangers, souligne la m\u00eame source, \u00ab\u00a0s\u2019inscrit en droite ligne de l\u2019entreprise de redressement national que le pr\u00e9sident de la R\u00e9publique, M.\u00a0Abdelmadjid Tebboune, a la ferme volont\u00e9 de mener \u00e0 son terme, et qui passe par une remise \u00e0 plat des bases institutionnelles et juridiques de l\u2019Etat et de l\u2019\u00e9conomie\u00a0\u00bb.<\/p>\n<p><br class=\"autobr\"\/><br \/>\nIl s\u2019agit dans ce cadre de \u00ab\u00a0proc\u00e9der \u00e0 un \u00e9tat des lieux sans concessions pour aboutir \u00e0 une reconstruction totale de l\u2019Etat qui est la base solide sur laquelle reposera la Nouvelle R\u00e9publique dont les 54 engagements pr\u00e9sidentiels de l\u2019\u00e9lection pr\u00e9sidentielle du 12 d\u00e9cembre 2019 ont en esquiss\u00e9 les lignes directrices\u00a0\u00bb, a conclu le communiqu\u00e9.<\/p>\n<p><br class=\"autobr\"\/><br \/>\n\u00a0<\/p>\n<p><br class=\"autobr\"\/><br \/>\nPour rappel, le minist\u00e8re avait indiqu\u00e9 que les \u00ab\u00a0le non-respect de ces dispositions exposera n\u00e9cessairement leurs acteurs \u00e9ventuels aux sanctions pr\u00e9vues par les texte ad hoc\u00a0\u00bb, faisant r\u00e9f\u00e9rence aux deux m\u00e9dias de l\u2019Interface M\u00e9dias, en l\u2019occurrence le site d\u2019information Maghreb Emergent et Radio M, interdits de diffusion depuis le 9 avril courant.<\/p>\n<p>Auteur: Boudjedri<br \/>\n<a href=\"http:\/\/www.jeune-independant.net\/Financement-etranger-de-la-presse.html\">Cliquez ici pour lire l&rsquo;article depuis sa source.<\/a><\/p>\n","protected":false},"excerpt":{"rendered":"<p>Tous les dossiers de financements ext\u00e9rieurs au b\u00e9n\u00e9fice de la presse ou de tout autre secteur seront ouverts. C\u2019est la ferme volont\u00e9 affich\u00e9e au grand jour par le minist\u00e8re de la Communication. \u00ab\u00a0Tous les dossiers de financements ext\u00e9rieurs au b\u00e9n\u00e9fice de la presse ou de tout autre secteur seront ouverts, c\u2019est-\u00e0-dire mis \u00e0 plat par [&hellip;]<\/p>\n","protected":false},"author":1737,"featured_media":0,"comment_status":"closed","ping_status":"closed","sticky":false,"template":"","format":"standard","meta":{"fifu_image_url":"","fifu_image_alt":"","footnotes":""},"categories":[73,53],"tags":[],"class_list":["post-82782","post","type-post","status-publish","format-standard","hentry","category-actualite","category-algerie"],"_links":{"self":[{"href":"https:\/\/linitiative.ca\/International\/wp-json\/wp\/v2\/posts\/82782","targetHints":{"allow":["GET"]}}],"collection":[{"href":"https:\/\/linitiative.ca\/International\/wp-json\/wp\/v2\/posts"}],"about":[{"href":"https:\/\/linitiative.ca\/International\/wp-json\/wp\/v2\/types\/post"}],"author":[{"embeddable":true,"href":"https:\/\/linitiative.ca\/International\/wp-json\/wp\/v2\/users\/1737"}],"replies":[{"embeddable":true,"href":"https:\/\/linitiative.ca\/International\/wp-json\/wp\/v2\/comments?post=82782"}],"version-history":[{"count":0,"href":"https:\/\/linitiative.ca\/International\/wp-json\/wp\/v2\/posts\/82782\/revisions"}],"wp:attachment":[{"href":"https:\/\/linitiative.ca\/International\/wp-json\/wp\/v2\/media?parent=82782"}],"wp:term":[{"taxonomy":"category","embeddable":true,"href":"https:\/\/linitiative.ca\/International\/wp-json\/wp\/v2\/categories?post=82782"},{"taxonomy":"post_tag","embeddable":true,"href":"https:\/\/linitiative.ca\/International\/wp-json\/wp\/v2\/tags?post=82782"}],"curies":[{"name":"wp","href":"https:\/\/api.w.org\/{rel}","templated":true}]}}