{"id":82783,"date":"2020-04-17T15:09:00","date_gmt":"2020-04-17T19:09:00","guid":{"rendered":"https:\/\/linitiative.ca\/International\/covid-19-bras-de-fer-a-washington-entre-trump-et-la-presse\/"},"modified":"2020-04-17T15:09:00","modified_gmt":"2020-04-17T19:09:00","slug":"covid-19-bras-de-fer-a-washington-entre-trump-et-la-presse","status":"publish","type":"post","link":"https:\/\/linitiative.ca\/International\/covid-19-bras-de-fer-a-washington-entre-trump-et-la-presse\/","title":{"rendered":"Covid-19 Bras de fer \u00e0 Washington entre Trump et la presse"},"content":{"rendered":"<p><br class=\"autobr\"\/><strong>Les m\u00e9dias am\u00e9ricains veulent voir clair de la mani\u00e8re dont leur gouvernement g\u00e8re la pand\u00e9mie de Covid-19. Au cours d\u2019une conf\u00e9rence de presse, tenue le 13 avril \u00e0 la Maison Blanche, Paula Reid, journaliste de la chaine CBS, a press\u00e9 le pr\u00e9sident Donald Trump, au sujet du r\u00f4le de son administration depuis f\u00e9vrier pour riposter \u00e0 la pand\u00e9mie.<\/strong><\/p>\n<p><br class=\"autobr\"\/><br \/>\nVisiblement contrarie, le dirigeant am\u00e9ricain a r\u00e9agi au tac au tac. Dernier exemple de son bras de fer avec les m\u00e9dias am\u00e9ricains depuis quelques jours.Dans un article qu\u2019il a publi\u00e9 tout r\u00e9cemment, \u00ab\u00a0New York Times\u00a0\u00bb a fait savoir que la majorit\u00e9 de cas confirm\u00e9s de Covid-19 \u00e0 New-York ont \u00e9t\u00e9 import\u00e9s de l\u2019Europe. Pour cela, le quotidien a reproch\u00e9 les autorit\u00e9s de n\u2019avoir pas pu songer au d\u00e9pistage un peu plus t\u00f4t.<\/p>\n<p><br class=\"autobr\"\/><br \/>\nPour ce journal, c\u2019est le retard mis dans les mesures de pr\u00e9vention et de contr\u00f4le qui est \u00e0 la base du nombre explosif de contaminations dans cette grande m\u00e9tropole du monde. Des commentaires qui n\u2019ont pas plu au dirigeant am\u00e9ricain. Comme \u00e0 ses habitudes, le patron de la Maison Blanche a s\u00e9v\u00e8rement critique l\u2019article en question.<\/p>\n<p><br class=\"autobr\"\/><br \/>\nPeu avant, la Maison Blanche s\u2019en \u00e9tait aussi pris \u00e0 un autre m\u00e9dia am\u00e9ricain, la Voix de l\u2019Am\u00e9rique, l\u2019accusant de d\u00e9penser l\u2019argent des contribuables am\u00e9ricains, afin de parler du bien de la Chine. Cette remarque de la Maison Blanche est survenue alors que la Voix de l\u2019Am\u00e9rique, le 8 avril, jour de la lev\u00e9e du confinement \u00e0 Wuhan, \u00e9crivait dans un reportage\u00a0: \u00ab\u00a0les mesures de confinement prises par la Chine \u00e0 Wuhan \u00e9taient un mod\u00e8le r\u00e9ussi dans la pr\u00e9vention et le contr\u00f4le de l\u2019\u00e9pid\u00e9mie, suivi par de nombreux pays du monde.\u00a0\u00bb<\/p>\n<p><br class=\"autobr\"\/><br \/>\nDe toute \u00e9vidence, ce qui a exasp\u00e9r\u00e9 le gouvernement am\u00e9ricain, ce ne sont pas des faits infond\u00e9s, mais le point de vue \u00ab\u00a0politiquement incorrect\u00a0\u00bb. Aux yeux de la Maison Blanche, critiquer la Chine revient \u00e0 \u00ab\u00a0couvrir les faits\u00a0\u00bb. Cela d\u00e9montre \u00e9galement que le gouvernement am\u00e9ricain se sert de la soi-disant \u00ab\u00a0libert\u00e9 de la presse\u00a0\u00bb comme outil politique.<\/p>\n<p><br class=\"autobr\"\/><br \/>\nR\u00e9cemment, le \u00ab\u00a0Washington Post\u00a0\u00bb et le \u00ab\u00a0New York Times\u00a0\u00bb ont respectivement publi\u00e9 des reportages d\u2019enqu\u00eate, attribuant l\u2019aggravation de la pand\u00e9mie aux Etats-Unis \u00e0 la d\u00e9faillance du gouvernement f\u00e9d\u00e9ral et \u00e0 sa r\u00e9ponse insuffisante. Comme l\u2019ont soulign\u00e9 les analystes, certains reportages des m\u00e9dias am\u00e9ricains ont d\u00e9mont\u00e9 le mensonge selon lequel \u00ab\u00a0le virus serait originaire de la Chine\u00a0\u00bb, ce qui a \u00e9nerv\u00e9 l\u2019Administration am\u00e9ricaine, qui cherchait par tous les moyens \u00e0 rejeter la responsabilit\u00e9 \u00e0 la Chine. Ces m\u00e9dias sont in\u00e9vitablement confront\u00e9s aux critiques de la part de leur gouvernement.<\/p>\n<p><br class=\"autobr\"\/><br \/>\nCe qui est encore plus frappant, c\u2019est que le dirigeant am\u00e9ricain a, lors de cette conf\u00e9rence de presse, pr\u00e9sent\u00e9 une vid\u00e9o d\u00e9taillant les mesures d\u00e9cisives qu\u2019il a prises dans le cadre de la lutte contre l\u2019\u00e9pid\u00e9mie au cours des derniers mois. Un internaute a ainsi comment\u00e9\u00a0: \u00ab\u00a0Alors que plus d\u2019Am\u00e9ricains sont d\u00e9c\u00e9d\u00e9s du virus aux Etats-Unis, notre dirigeant gaspille toujours le temps et l\u2019argent des contribuables pour sa publicit\u00e9. C\u2019est vraiment d\u00e9cevant.\u00a0\u00bb<\/p>\n<p><br class=\"autobr\"\/><br \/>\nLe 15 avril, \u00e0 11 heures de Beijing, plus de 600 000 cas confirm\u00e9s de coronavirus ont \u00e9t\u00e9 signal\u00e9s aux Etats-Unis, avec 26 003 d\u00e9c\u00e8s. A ce stade critique, les attaques contre les m\u00e9dias ne peuvent pas occulter les faibles du gouvernement am\u00e9ricain et la logique incompr\u00e9hensible qui consiste \u00e0 privil\u00e9gier les int\u00e9r\u00eats politiques au d\u00e9triment de la vie des populations.<\/p>\n<p><br class=\"autobr\"\/><br \/>\nCertaines personnes aux Etats-Unis devraient se concentrer rapidement sur la pr\u00e9vention et le contr\u00f4le de l\u2019\u00e9pid\u00e9mie, car le temps n\u2019attend pas et la vie humaine est pr\u00e9cieuse plus que toute autre chose.<\/p>\n<p>Auteur: Boudjedri<br \/>\n<a href=\"http:\/\/www.jeune-independant.net\/Covid-19-Bras-de-fer-a-Washington.html\">Cliquez ici pour lire l&rsquo;article depuis sa source.<\/a><\/p>\n","protected":false},"excerpt":{"rendered":"<p>Les m\u00e9dias am\u00e9ricains veulent voir clair de la mani\u00e8re dont leur gouvernement g\u00e8re la pand\u00e9mie de Covid-19. Au cours d\u2019une conf\u00e9rence de presse, tenue le 13 avril \u00e0 la Maison Blanche, Paula Reid, journaliste de la chaine CBS, a press\u00e9 le pr\u00e9sident Donald Trump, au sujet du r\u00f4le de son administration depuis f\u00e9vrier pour riposter [&hellip;]<\/p>\n","protected":false},"author":1737,"featured_media":0,"comment_status":"closed","ping_status":"closed","sticky":false,"template":"","format":"standard","meta":{"fifu_image_url":"","fifu_image_alt":"","footnotes":""},"categories":[73,53],"tags":[],"class_list":["post-82783","post","type-post","status-publish","format-standard","hentry","category-actualite","category-algerie"],"_links":{"self":[{"href":"https:\/\/linitiative.ca\/International\/wp-json\/wp\/v2\/posts\/82783","targetHints":{"allow":["GET"]}}],"collection":[{"href":"https:\/\/linitiative.ca\/International\/wp-json\/wp\/v2\/posts"}],"about":[{"href":"https:\/\/linitiative.ca\/International\/wp-json\/wp\/v2\/types\/post"}],"author":[{"embeddable":true,"href":"https:\/\/linitiative.ca\/International\/wp-json\/wp\/v2\/users\/1737"}],"replies":[{"embeddable":true,"href":"https:\/\/linitiative.ca\/International\/wp-json\/wp\/v2\/comments?post=82783"}],"version-history":[{"count":0,"href":"https:\/\/linitiative.ca\/International\/wp-json\/wp\/v2\/posts\/82783\/revisions"}],"wp:attachment":[{"href":"https:\/\/linitiative.ca\/International\/wp-json\/wp\/v2\/media?parent=82783"}],"wp:term":[{"taxonomy":"category","embeddable":true,"href":"https:\/\/linitiative.ca\/International\/wp-json\/wp\/v2\/categories?post=82783"},{"taxonomy":"post_tag","embeddable":true,"href":"https:\/\/linitiative.ca\/International\/wp-json\/wp\/v2\/tags?post=82783"}],"curies":[{"name":"wp","href":"https:\/\/api.w.org\/{rel}","templated":true}]}}