{"id":82784,"date":"2020-04-17T15:11:00","date_gmt":"2020-04-17T19:11:00","guid":{"rendered":"https:\/\/linitiative.ca\/International\/arrestation-dune-bande-criminelle-a-blida\/"},"modified":"2020-04-17T15:11:00","modified_gmt":"2020-04-17T19:11:00","slug":"arrestation-dune-bande-criminelle-a-blida","status":"publish","type":"post","link":"https:\/\/linitiative.ca\/International\/arrestation-dune-bande-criminelle-a-blida\/","title":{"rendered":"Arrestation d&rsquo;une bande criminelle \u00e0 Blida"},"content":{"rendered":"<p><strong>Les gendarmes de la brigade territoriale de Larba\u00e2 appuy\u00e9 par les \u00e9l\u00e9ments de la Section de s\u00e9curit\u00e9 et d\u2019intervention (SSI), ont mis hors d\u2019\u00e9tat de nuire une dangereuse bande de malfaiteurs compos\u00e9e de dix pr\u00e9sum\u00e9s, impliqu\u00e9s dans de nombreuses agressions contre des citoyens \u00e0 la cit\u00e9 du 5 juillet dans la commune de Larba\u00e2 (Blida), a annonc\u00e9 la Gendarmerie nationale dans un communiqu\u00e9.<\/strong><\/p>\n<p>Selon le communiqu\u00e9, suite \u00e0 un appel t\u00e9l\u00e9phonique sur le num\u00e9ro vert le \u00ab\u00a010 55\u00a0\u00bb re\u00e7u par le Groupement de la Gendarmerie nationale de Blida, faisant suite \u00e0 des actes d\u2019agressions arm\u00e9es perp\u00e9tr\u00e9s par un groupe de malfaiteurs contre des citoyens \u00e0 la Cit\u00e9 du 5 juillet de Larba\u00e2, un dispositif adapt\u00e9 \u00e0 ce genre de situation a \u00e9t\u00e9 imm\u00e9diatement d\u00e9ploy\u00e9 par la Gendarmerie nationale de Blida.<\/p>\n<p>Des gendarmes de la Brigade territoriale de Larba\u00e2 renforc\u00e9s par les \u00e9l\u00e9ments d\u2019intervention, les SSI, se sont rendus imm\u00e9diatement sur le lieu, et \u00e0 la vue de leurs arriv\u00e9es, les malfaiteurs, en nombre consid\u00e9rable, ont pris la fuite, explique le communiqu\u00e9.<\/p>\n<p>Traqu\u00e9e, la dangereuse bande de malfaiteurs a \u00e9t\u00e9 ma\u00eetris\u00e9e apr\u00e8s une forte et violente r\u00e9sistance livr\u00e9e avec les gendarmes, a signal\u00e9 la Gendarmerie nationale \u00e0 travers son communiqu\u00e9.<\/p>\n<p>Aussi, le communiqu\u00e9 de la Gendarmerie pr\u00e9cise que, la traque aux auteurs des actes d\u2019agression de la Cit\u00e9 du 5 juillet a permis d\u2019arr\u00eater dix individus, parmi eux quatre repris de justice, et saisir quatorze armes blanches, dont trois \u00e9p\u00e9es, cinq grands couteaux, des b\u00e2tons en fer et en bois et une scie.<\/p>\n<p>Les mis en cause ont \u00e9t\u00e9 pr\u00e9sent\u00e9s, jeudi pass\u00e9, devant les instances judiciaires de comp\u00e9tence territoriale, pour cr\u00e9ation d\u2019une bande de malfaiteurs, possession d\u2019armes interdites, violence et atteinte \u00e0 l\u2019ordre public, indique le communiqu\u00e9.<\/p>\n<p>Enfin, la Gendarmerie nationale a rappel\u00e9 le caract\u00e8re important de la coop\u00e9ration du citoyen dans l\u2019\u00e9quation s\u00e9curitaire pr\u00e9cisant que, l\u2019appel t\u00e9l\u00e9phonique \u00e9man\u00e9 par un citoyen a permis d\u2019\u00e9viter la perte des vies des personnes, suite au d\u00e9mant\u00e8lement de la dangereuse bande de malfaiteurs apr\u00e8s une intervention rapide des forces de la Gendarmerie nationale, conclut le communiqu\u00e9.<\/p>\n<p>Auteur: Boudjedri<br \/>\n<a href=\"http:\/\/www.jeune-independant.net\/Arrestation-d-une-bande-criminelle.html\">Cliquez ici pour lire l&rsquo;article depuis sa source.<\/a><\/p>\n","protected":false},"excerpt":{"rendered":"<p>Les gendarmes de la brigade territoriale de Larba\u00e2 appuy\u00e9 par les \u00e9l\u00e9ments de la Section de s\u00e9curit\u00e9 et d\u2019intervention (SSI), ont mis hors d\u2019\u00e9tat de nuire une dangereuse bande de malfaiteurs compos\u00e9e de dix pr\u00e9sum\u00e9s, impliqu\u00e9s dans de nombreuses agressions contre des citoyens \u00e0 la cit\u00e9 du 5 juillet dans la commune de Larba\u00e2 (Blida), [&hellip;]<\/p>\n","protected":false},"author":1737,"featured_media":0,"comment_status":"closed","ping_status":"closed","sticky":false,"template":"","format":"standard","meta":{"fifu_image_url":"","fifu_image_alt":"","footnotes":""},"categories":[73,53],"tags":[],"class_list":["post-82784","post","type-post","status-publish","format-standard","hentry","category-actualite","category-algerie"],"_links":{"self":[{"href":"https:\/\/linitiative.ca\/International\/wp-json\/wp\/v2\/posts\/82784","targetHints":{"allow":["GET"]}}],"collection":[{"href":"https:\/\/linitiative.ca\/International\/wp-json\/wp\/v2\/posts"}],"about":[{"href":"https:\/\/linitiative.ca\/International\/wp-json\/wp\/v2\/types\/post"}],"author":[{"embeddable":true,"href":"https:\/\/linitiative.ca\/International\/wp-json\/wp\/v2\/users\/1737"}],"replies":[{"embeddable":true,"href":"https:\/\/linitiative.ca\/International\/wp-json\/wp\/v2\/comments?post=82784"}],"version-history":[{"count":0,"href":"https:\/\/linitiative.ca\/International\/wp-json\/wp\/v2\/posts\/82784\/revisions"}],"wp:attachment":[{"href":"https:\/\/linitiative.ca\/International\/wp-json\/wp\/v2\/media?parent=82784"}],"wp:term":[{"taxonomy":"category","embeddable":true,"href":"https:\/\/linitiative.ca\/International\/wp-json\/wp\/v2\/categories?post=82784"},{"taxonomy":"post_tag","embeddable":true,"href":"https:\/\/linitiative.ca\/International\/wp-json\/wp\/v2\/tags?post=82784"}],"curies":[{"name":"wp","href":"https:\/\/api.w.org\/{rel}","templated":true}]}}