{"id":82785,"date":"2020-04-18T10:58:46","date_gmt":"2020-04-18T14:58:46","guid":{"rendered":"https:\/\/linitiative.ca\/International\/prolongation-du-confinement-jusqua-29\/"},"modified":"2020-04-18T10:58:46","modified_gmt":"2020-04-18T14:58:46","slug":"prolongation-du-confinement-jusqua-29","status":"publish","type":"post","link":"https:\/\/linitiative.ca\/International\/prolongation-du-confinement-jusqua-29\/","title":{"rendered":"Prolongation du confinement jusqu&rsquo;\u00e0 29"},"content":{"rendered":"<p><br class=\"autobr\"\/><strong>Le dispositif de confinement a \u00e9t\u00e9 reconduit de dix (10) jours, soit jusqu\u2019au 29 avril 2020, indique samedi un communiqu\u00e9 des services du Premier ministre.<\/strong><\/p>\n<p><br class=\"autobr\"\/><br \/>\nCe prolongement porte le confinement, destin\u00e9 \u00e0 lutter contre la propagation du nouveau coronavirus<\/p>\n<p>Auteur: Boudjedri<br \/>\n<a href=\"http:\/\/www.jeune-independant.net\/Prolongation-du-confinement-jusqu.html\">Cliquez ici pour lire l&rsquo;article depuis sa source.<\/a><\/p>\n","protected":false},"excerpt":{"rendered":"<p>Le dispositif de confinement a \u00e9t\u00e9 reconduit de dix (10) jours, soit jusqu\u2019au 29 avril 2020, indique samedi un communiqu\u00e9 des services du Premier ministre. Ce prolongement porte le confinement, destin\u00e9 \u00e0 lutter contre la propagation du nouveau coronavirus Auteur: Boudjedri Cliquez ici pour lire l&rsquo;article depuis sa source.<\/p>\n","protected":false},"author":1737,"featured_media":0,"comment_status":"closed","ping_status":"closed","sticky":false,"template":"","format":"standard","meta":{"fifu_image_url":"","fifu_image_alt":"","footnotes":""},"categories":[73,53],"tags":[],"class_list":["post-82785","post","type-post","status-publish","format-standard","hentry","category-actualite","category-algerie"],"_links":{"self":[{"href":"https:\/\/linitiative.ca\/International\/wp-json\/wp\/v2\/posts\/82785","targetHints":{"allow":["GET"]}}],"collection":[{"href":"https:\/\/linitiative.ca\/International\/wp-json\/wp\/v2\/posts"}],"about":[{"href":"https:\/\/linitiative.ca\/International\/wp-json\/wp\/v2\/types\/post"}],"author":[{"embeddable":true,"href":"https:\/\/linitiative.ca\/International\/wp-json\/wp\/v2\/users\/1737"}],"replies":[{"embeddable":true,"href":"https:\/\/linitiative.ca\/International\/wp-json\/wp\/v2\/comments?post=82785"}],"version-history":[{"count":0,"href":"https:\/\/linitiative.ca\/International\/wp-json\/wp\/v2\/posts\/82785\/revisions"}],"wp:attachment":[{"href":"https:\/\/linitiative.ca\/International\/wp-json\/wp\/v2\/media?parent=82785"}],"wp:term":[{"taxonomy":"category","embeddable":true,"href":"https:\/\/linitiative.ca\/International\/wp-json\/wp\/v2\/categories?post=82785"},{"taxonomy":"post_tag","embeddable":true,"href":"https:\/\/linitiative.ca\/International\/wp-json\/wp\/v2\/tags?post=82785"}],"curies":[{"name":"wp","href":"https:\/\/api.w.org\/{rel}","templated":true}]}}