{"id":82787,"date":"2020-04-18T06:12:00","date_gmt":"2020-04-18T10:12:00","guid":{"rendered":"https:\/\/linitiative.ca\/International\/le-18-avril-une-pensee-pour-nos-monuments-et-nos-sites-habitues-au-confinement-bien-avant-la-pandemie-du-covid-19\/"},"modified":"2020-04-18T06:12:00","modified_gmt":"2020-04-18T10:12:00","slug":"le-18-avril-une-pensee-pour-nos-monuments-et-nos-sites-habitues-au-confinement-bien-avant-la-pandemie-du-covid-19","status":"publish","type":"post","link":"https:\/\/linitiative.ca\/International\/le-18-avril-une-pensee-pour-nos-monuments-et-nos-sites-habitues-au-confinement-bien-avant-la-pandemie-du-covid-19\/","title":{"rendered":"Le 18 avril : une pens\u00e9e pour nos monuments et nos sites habitu\u00e9s au confinement  bien avant la pand\u00e9mie du Covid-19"},"content":{"rendered":"<p><span class=\"c2\"><em><strong>Par Professeur Houcine Ja\u00efdi &#8211;<\/strong><\/em><\/span> D\u2019abord, pourquoi le 18 avril ? Rappelons qu\u2019il s\u2019agit de la date choisie par l\u2019UNESCO pour la c\u00e9l\u00e9bration de la Journ\u00e9e internationale des Monuments et des Sites (JIMS) et qu\u2019il s\u2019agit aussi de la journ\u00e9e d\u2019ouverture du \u2018\u2019Mois du Patrimoine\u2019\u2019 en Tunisie.<\/p>\n<p>Parler du patrimoine culturel, dans ses composantes monumentale et arch\u00e9ologique, par temps de pand\u00e9mie gravissime, pourrait para\u00eetre malvenu alors que les\u00a0 activit\u00e9s tournent au ralenti ou sont compl\u00e9tement\u00a0 suspendues\u00a0 et que les individus comme les nations ne pensent qu\u2019\u00e0 survivre et \u00e0 assurer leur salut. Mais les d\u00e9fenseurs de l\u2019inopportunit\u00e9 actuelle\u00a0 de cet int\u00e9r\u00eat pour le patrimoine oublient que la crise sanitaire plan\u00e9taire rev\u00eat d\u2019autres dimensions notamment \u00e9conomique, sociale et, quelque part, politique. De ce point de vue, le d\u00e9bat autour du patrimoine culturel et de son impact dans la vie \u00e9conomique, sociale et \u00e9ducative n\u2019est nullement un luxe. Il s\u2019agit m\u00eame d\u2019une n\u00e9cessit\u00e9 imp\u00e9rieuse. N\u2019est-il pas prouv\u00e9, sous d\u2019autres cieux, que d\u2019innombrables activit\u00e9s, tournant autour\u00a0 des sites et des monuments, peuvent \u00eatre entreprises en p\u00e9riode de confinement et contribuer, intelligemment, \u00e0 r\u00e9duire le poids de\u00a0 l\u2019isolement et de la fermeture des monuments, des sites et des mus\u00e9es impos\u00e9e par des raisons de force majeure ?<\/p>\n<p><span class=\"c4\"><span class=\"c3\"><strong>La marginalisation, en Tunisie, de la JIMS et la triste invention\u00a0 du \u2018\u2019Mois du Patrimoine\u2019\u2019<\/strong><\/span><\/span><\/p>\n<p>La JIMS existe depuis 1982. Son institution a eu lieu 17 ans apr\u00e8s la cr\u00e9ation du Conseil international des Monuments et des Sites (ICOMOS), organe sp\u00e9cialis\u00e9 de l\u2019UNESCO, mis en place en 1965. C\u2019est lors d\u2019un colloque organis\u00e9 \u00e0 Hammamet par le Comit\u00e9 tunisien de l\u2019ICOMOS, parall\u00e8lement \u00e0 la r\u00e9union du Bureau du Conseil, que l\u2019id\u00e9e d\u2019une Journ\u00e9e internationale d\u00e9di\u00e9e aux monuments et aux sites a germ\u00e9. Approuv\u00e9 par le Comit\u00e9 ex\u00e9cutif de l\u2019ICOMOS puis par la Conf\u00e9rence G\u00e9n\u00e9rale de l\u2019UNESCO, le projet est devenu une r\u00e9alit\u00e9 au cours de cette m\u00eame ann\u00e9e 1982. Depuis, la communaut\u00e9 internationale n\u2019a pas cess\u00e9 de c\u00e9l\u00e9brer la JIMS avec, pour chaque ann\u00e9e, un th\u00e8me particulier qui se veut mobilisateur \u00e0 l\u2019\u00e9chelle plan\u00e9taire.<\/p>\n<p>Dix ans apr\u00e8s avoir eu l\u2019honneur d\u2019avoir \u00e9t\u00e9 pour ainsi dire l\u2019antichambre du berceau de la JIMS, la Tunisie a connu l\u2019institution du \u2018\u2019Mois du Patrimoine\u2019\u2019 qui s\u2019ouvre le 18 avril (JIMS) et se termine le 18 mai qui correspond \u00e0 la Journ\u00e9e internationale des Mus\u00e9es (JIM). Cette manifestation a d\u00e9marr\u00e9 en 1992,\u00a0 avec la propagande propre \u00e0 l\u2019\u00e9poque, pour c\u00e9l\u00e9brer l\u2019heureuse \u2018\u2019invention tunisienne\u2019\u2019. Il faut dire aussi que l\u2019initiative a b\u00e9n\u00e9fici\u00e9 d\u2019un certain enthousiasme de la part de plusieurs intervenants. On a donc assist\u00e9, \u00e0 partir de l\u2019ann\u00e9e inaugurale de l\u2019\u00e9v\u00e8nement, \u00e0 de nombreuses manifestations dont certaines, de tr\u00e8s bonne facture, \u00e9taient\u00a0 destin\u00e9es au grand public (expositions, conf\u00e9rences, visites guid\u00e9es par des sp\u00e9cialistes&#8230;). A cela s\u2019ajoutaient\u00a0 plusieurs inaugurations d\u2019institutions patrimoniales, notamment une belle s\u00e9rie de mus\u00e9es r\u00e9gionaux. La soci\u00e9t\u00e9 civile, repr\u00e9sent\u00e9e particuli\u00e8rement par les associations de sauvegarde des m\u00e9dinas, a \u00e9t\u00e9 encourag\u00e9e et impliqu\u00e9e dans la programmation du \u2018\u2019Mois\u2019\u2019 dont les deux fers de lance \u00e9taient l\u2019Institut national du Patrimoine (INP, appel\u00e9 Institut National d\u2019Arch\u00e9ologie et d\u2019Art \u2013 INAA &#8211; jusqu\u2019en 1993) et l\u2019Agence de Mise en Valeur du Patrimoine et de Promotion Culturelle (AMVPPC, appel\u00e9e Agence Nationale de Mise en Valeur et d\u2019Exploitation du Patrimoine Arch\u00e9ologique et Historique \u2013 ANEP &#8211; jusqu\u2019en 1997).<\/p>\n<p>Le d\u00e9but des ann\u00e9es 2000 a vu un essoufflement de la dynamique qui pr\u00e9valait jusqu\u2019alors dans la Programmation du \u2018\u2019Mois du Patrimoine\u2019\u2019 : les manifestations consistantes ont commenc\u00e9 \u00e0 se faire rares et les inaugurations de projet patrimoniaux\u00a0 importants sont devenues sporadiques. Dans ce marasme persistant, les deux seules r\u00e9alisations notables, entreprises gr\u00e2ce \u00e0 un pr\u00eat de la Banque mondiale, sont l\u2019inauguration des \u2018\u2019nouveaux\u2019\u2019 Mus\u00e9e national du Bardo et Mus\u00e9e arch\u00e9ologique Sousse, au cours de l\u2019\u00e9t\u00e9 2012. Depuis plus de 10 ans, le \u2018\u2019Mois du Patrimoine\u2019\u2019 est port\u00e9, au niveau de la programmation, surtout\u00a0 par la soci\u00e9t\u00e9 civile, appuy\u00e9e financi\u00e8rement par les d\u00e9l\u00e9gations\u00a0 r\u00e9gionales de la culture, en manque d\u2019id\u00e9es et int\u00e9ress\u00e9es seulement par le patrimoine immat\u00e9riel, dans la mesure o\u00f9 elles sont compl\u00e8tement \u00e9cart\u00e9es de la gestion du patrimoine culturel mat\u00e9riel.<\/p>\n<p>Le bilan d\u2019une trentaine d\u2019ann\u00e9es fait ressortir surtout la difficult\u00e9 de g\u00e9rer un \u2018\u2019Mois du Patrimoine\u2019\u2019,\u00a0 qui a fini par \u00eatre largement fokloris\u00e9 malgr\u00e9 quelques exceptions qui confirment la r\u00e8gle : les rares initiatives s\u00e9rieuses de quelques associations m\u00e9ritantes qui ont \u00e9merg\u00e9 de la grise culturelle ambiante malgr\u00e9 la faible m\u00e9diatisation de leurs r\u00e9alisations et le caract\u00e8re al\u00e9atoire des maigres subsides qui leur \u00e9taient allou\u00e9s. Ainsi donc, les Tunisiens ont lourdement perdu au change : le \u2018\u2019Mois du Patrimoine\u2019\u2019 a occult\u00e9 la Journ\u00e9e internationales des Monuments et des Sites et celle des Mus\u00e9es sans apporter une r\u00e9elle plus-value.<\/p>\n<p>D\u2019autres choix \u00e9taient-ils possibles ? Certainement ! On aurait d\u00fb garder la visibilit\u00e9 de la JIMS et de La JIM en programmant, \u00e0 l\u2019occasion de leur c\u00e9l\u00e9bration,\u00a0 des activit\u00e9s conformes aux th\u00e8mes de l\u2019ICOMOS et de l\u2019ICOM (Conseil international des Mus\u00e9es). Parall\u00e8lement \u00e0 cela, on aurait pu organiser des Journ\u00e9es nationales du Patrimoine n\u2019exc\u00e9dant pas un week-end ou dont la dur\u00e9e aurait \u00e9t\u00e9 \u00e9tendue, au plus, \u00e0 une semaine d\u2019activit\u00e9s intenses bas\u00e9es surtout sur la d\u00e9couverte du patrimoine culturel\u00a0 par le grand public. Cette programmation, impuls\u00e9e par le minist\u00e8re des Affaires culturelles, avec des ramifications r\u00e9gionales et locales,\u00a0 aurait\u00a0 pour objectif essentiel\u00a0 de faire d\u00e9couvrir, par des guides comp\u00e9tents et des supports ad\u00e9quats, des monuments et des sites non accessibles, en temps normal : Palais pr\u00e9sidentiel, si\u00e8ge de l\u2019Assembl\u00e9e des repr\u00e9sentants du peuple, si\u00e8ges de minist\u00e8res et de municipalit\u00e9s occupant des monuments historiques \u2026. .<\/p>\n<p>Avec une telle programmation, peu \u00e9tal\u00e9e dans le temps mais bien con\u00e7ue et m\u00e9diatis\u00e9e, on peut parier que les citoyens se pr\u00e9senteront en grand nombre pour assouvir une soif de culture qu\u2019ils ont du mal \u00e0 \u00e9tancher. Ne l\u2019ont-il pas montr\u00e9, superbement, il y peu, quand une grande exposition patrimoniale a \u00e9t\u00e9 organis\u00e9e par une jeune association au Palais Ksar Sa\u00efd ?<\/p>\n<p><span class=\"c4\"><span class=\"c3\"><strong>En p\u00e9riode de confinement, le minist\u00e8re des Affaires culturelles est-il r\u00e9ellement attentif au Patrimoine ?<\/strong><\/span><\/span><\/p>\n<p>Le confinement g\u00e9n\u00e9ral d\u00e9cr\u00e9t\u00e9, il y a plus d\u2019un mois, a naturellement entra\u00een\u00e9 la fermeture des sites arch\u00e9ologiques et des mus\u00e9es. Par ailleurs, un communiqu\u00e9 du minist\u00e8re en charge de la Culture, dat\u00e9 du 1er avril, a annonc\u00e9 l\u2019annulation de toutes les activit\u00e9s du \u2018\u2019Mois du Patrimoine\u2019\u2019, tout en appelant \u00ab les diff\u00e9rentes structures \u00e0 remplacer les manifestations pr\u00e9sentielles par la diffusion de contenus num\u00e9riques qui valorisent la patrimoine national, le font conna\u00eetre et consolident la conscience de sa pr\u00e9servation\u00bb. Il faut esp\u00e9rer que l\u2019appel sera entendu par les \u00e9tablissements en charge du patrimoine et que, du 18 avril au 18 mai, les Tunisiens, confin\u00e9s puis en d\u00e9confinement partiel, auront le plaisir de d\u00e9couvrir, sur la toile, les sites et monuments de leur richissime patrimoine culturel. Il reste que le petit nombre de vid\u00e9os disponibles sur la page Facebook de l\u2019AMVPPC et accompagn\u00e9es d\u2019un beau slogan qui vise \u00e0 contribuer \u00e0 meubler le confinement,\u00a0 est loin de faire\u00a0 le compte, sans parler du contenu tr\u00e8s discutable de ces supports, \u00e0 plus d\u2019un point de vue.<\/p>\n<p>Force est de constater que le minist\u00e8re des Affaires culturelles s\u2019est content\u00e9, s&rsquo;agissant du \u2018\u2019Mois du Patrimoine\u2019\u2019 d\u2019un service minimum. En la mati\u00e8re, son communiqu\u00e9 (qui est en fait une circulaire ) est \u00e0 la fois laconique et \u00e9vasif.\u00a0 N\u2019aurait-il pas gagn\u00e9 \u00e0\u00a0 pr\u00e9ciser quelles sont les structures destinataires du communiqu\u00e9 ? Car, les organismes concern\u00e9s par le patrimoine culturel sont bien nombreux et d\u00e9passent m\u00eame le champ de la tutelle du minist\u00e8re. Il y a bien entendu l\u2019AMVPPC mais aussi l\u2019INP dont le site officiel affiche une cinquantaine de vid\u00e9os plus ou moins attractives ; il faut \u00e9galement citer la Biblioth\u00e8que nationale qui a d\u00e9j\u00e0 une riche collection de documents patrimoniaux num\u00e9ris\u00e9es, la Cin\u00e9math\u00e8que tunisienne qui dispose de tr\u00e8s nombreux films et documentaires \u00e0 contenu historique et patrimonial, la T\u00e9l\u00e9vision nationale qui, il y a des d\u00e9cennies d\u00e9j\u00e0, s\u2019est beaucoup int\u00e9ress\u00e9e au patrimoine et s\u2019est distingu\u00e9e par la r\u00e9alisation de reportages et de s\u00e9ries remarquables comme par exemple la tr\u00e8s belle s\u00e9rie consacr\u00e9e aux \u2018\u2019Villages tunisiens\u2019\u2019. A cette liste on peut ajouter les enregistrements musicaux de la Phonoth\u00e8que nationale si peu visible et audible et dont le richissime fonds est un v\u00e9ritable tr\u00e9sor patrimonial. Si toutes ces institutions dont la plupart sont sous la tutelle du minist\u00e8re des Affaires culturelles se mobilisaient, sur la base de directives pr\u00e9cises, pour faire d\u00e9couvrir le patrimoine tunisien dans toutes ses composantes, il y\u00a0 aurait de quoi meubler amplement le temps libre des millions de Tunisiennes et de Tunisiens qui se morfondent dans un confinement pesant. Outre les multiples moyens qu\u2019offre la toile, un nouveau support serait la toute nouvelle chaine de T\u00e9l\u00e9vision \u00e9ducative qui vient d\u2019\u00eatre inaugur\u00e9e pour soutenir l\u2019enseignement \u00e0 distance, d\u00e9cid\u00e9 par le minist\u00e8re de l\u2018Education pour assurer la continuit\u00e9 p\u00e9dagogique en p\u00e9riode de confinement.<\/p>\n<p>Si le minist\u00e8re des Affaires culturelles a une vraie consid\u00e9ration pour le patrimoine culturel dans son acception la plus large, Il a encore du temps pour agir, alors qu\u2019on est encore au tout d\u00e9but du \u2018\u2019Mois du Patrimoine\u2019\u2019, en diffusant une circulaire aux \u00e9tablissements int\u00e9ress\u00e9s et un communiqu\u00e9 pour annoncer la bonne nouvelle aux Tunisiennes et aux Tunisiens. Ce faisant, il aura profit\u00e9 du confinement g\u00e9n\u00e9ral pour pr\u00e9senter une nouvelle version du \u2018\u2019Mois du Patrimoine\u2019\u2019 qui, en attendant sa refonte compl\u00e8te, aurait \u00e9t\u00e9 sauv\u00e9 du monopole peu productif des deux \u00e9tablissements de tutelle officielle. A court d\u2019id\u00e9es, le minist\u00e8re pourra toujours s\u2019inspirer des initiatives des associations et de certains collectifs qui ont r\u00e9agi de mani\u00e8re responsable en p\u00e9riode de confinement. Il suffit de rappeler l\u2019exemple de la deuxi\u00e8me \u00e9dition du Festival du film de Gab\u00e8s et le programme de films documentaires con\u00e7u par des cin\u00e9astes de l\u2019Institut des Arts Multim\u00e9dia de la Manouba (ISAMM), mis, tous deux, en ligne, gratuitement, au grand bonheur des cin\u00e9philes.\u00a0<\/p>\n<p>Le minist\u00e8re des Affaires culturelles gagnerait \u00e0 rassurer les Tunisiennes et les Tunisiens par des mesures concr\u00e8tes concernant le \u2018\u2019Mois du\u00a0 Patrimoine\u2019\u2019 dont la 29e \u00e9dition est d\u00e9cr\u00e9t\u00e9e officiellement \u2018\u2019mort-n\u00e9e\u2019\u2019, dans un contexte o\u00f9 le besoin de culture se fait ressentir plus que jamais. Ces mesures prouveront, si elles voient le jour, que les \u2018\u2019Affaires culturelles\u2019\u2019 ne se r\u00e9duisent pas aux nominations qui se succ\u00e8dent comme s\u2019il s\u2019agissait d\u2019urgences absolues, aux pr\u00e9visions trop lointaines pour les sacrosaints festivals d\u2019\u00e9t\u00e9 et aux mesures calamiteuses concernant la poursuite du tournage des feuilletons t\u00e9l\u00e9vis\u00e9es, fortement contest\u00e9es par l\u2019opinion publique et heureusement suspendues par le Tribunal administratif.\u00a0<\/p>\n<p>Pendant la dur\u00e9e,\u00a0 d\u00e9sormais th\u00e9orique,\u00a0 du \u2018\u2019Mois du Patrimoine\u2019\u2019, le minist\u00e8re de tutelle serait bien inspir\u00e9 de faire profiter ses experts de la p\u00e9riode de confinement et de celle du certainement long d\u00e9confinement partiel pour boucler deux dossiers, mis en veilleuse depuis bien longtemps alors qu\u2019ils sont vitaux et qu\u2019ils sont devenus handicapants pour la gestion et la promotion des sites et des monuments : l\u2019\u00e9laboration\u00a0 des d\u00e9crets d\u2019application du Code du Patrimoine Arch\u00e9ologique, Historique et des Arts Traditionnels, en vigueur depuis 1994, et le parch\u00e8vement du Plan de Protection et de Mise en Valeur (PPMV) du site de Carthage, entam\u00e9 depuis les ann\u00e9es 1990 et objet de tensions r\u00e9currentes avec l\u2019UNESCO. Nul doute qu\u2019il s\u2019agit l\u00e0 de t\u00e2ches qui peuvent \u00eatre accomplies, sans difficult\u00e9 aucune, dans le cadre du t\u00e9l\u00e9travail, mis en route, efficacement, il y a pr\u00e8s d\u2019un mois, par de nombreux d\u00e9partements minist\u00e9riels.\u00a0<\/p>\n<p>Ne nous y trompons pas. Seule une r\u00e9elle volont\u00e9 politique doubl\u00e9e d\u2019une imagination f\u00e9conde et d\u2019une m\u00e9thodologie saine, transparente et participative sortiront nos monuments et nos sites du d\u00e9laissement\u00a0 qui \u00e9quivaut \u00e0 un confinement avant la lettre.<\/p>\n<p class=\"c5\"><strong>Professeur Houcine Ja\u00efdi<\/strong><\/p>\n<p>Auteur:<br \/>\n<a href=\"https:\/\/www.leaders.com.tn\/article\/29711-le-18-avril-une-pensee-pour-nos-monuments-et-nos-sites-habitues-au-confinement-bien-avant-la-pandemie-du-covid-19\">Cliquez ici pour lire l&rsquo;article depuis sa source.<\/a><\/p>\n","protected":false},"excerpt":{"rendered":"<p>Par Professeur Houcine Ja\u00efdi &#8211; D\u2019abord, pourquoi le 18 avril ? Rappelons qu\u2019il s\u2019agit de la date choisie par l\u2019UNESCO pour la c\u00e9l\u00e9bration de la Journ\u00e9e internationale des Monuments et des Sites (JIMS) et qu\u2019il s\u2019agit aussi de la journ\u00e9e d\u2019ouverture du \u2018\u2019Mois du Patrimoine\u2019\u2019 en Tunisie. Parler du patrimoine culturel, dans ses composantes monumentale [&hellip;]<\/p>\n","protected":false},"author":1772,"featured_media":0,"comment_status":"closed","ping_status":"closed","sticky":false,"template":"","format":"standard","meta":{"fifu_image_url":"","fifu_image_alt":"","footnotes":""},"categories":[73,55],"tags":[],"class_list":["post-82787","post","type-post","status-publish","format-standard","hentry","category-actualite","category-tunisie"],"_links":{"self":[{"href":"https:\/\/linitiative.ca\/International\/wp-json\/wp\/v2\/posts\/82787","targetHints":{"allow":["GET"]}}],"collection":[{"href":"https:\/\/linitiative.ca\/International\/wp-json\/wp\/v2\/posts"}],"about":[{"href":"https:\/\/linitiative.ca\/International\/wp-json\/wp\/v2\/types\/post"}],"author":[{"embeddable":true,"href":"https:\/\/linitiative.ca\/International\/wp-json\/wp\/v2\/users\/1772"}],"replies":[{"embeddable":true,"href":"https:\/\/linitiative.ca\/International\/wp-json\/wp\/v2\/comments?post=82787"}],"version-history":[{"count":0,"href":"https:\/\/linitiative.ca\/International\/wp-json\/wp\/v2\/posts\/82787\/revisions"}],"wp:attachment":[{"href":"https:\/\/linitiative.ca\/International\/wp-json\/wp\/v2\/media?parent=82787"}],"wp:term":[{"taxonomy":"category","embeddable":true,"href":"https:\/\/linitiative.ca\/International\/wp-json\/wp\/v2\/categories?post=82787"},{"taxonomy":"post_tag","embeddable":true,"href":"https:\/\/linitiative.ca\/International\/wp-json\/wp\/v2\/tags?post=82787"}],"curies":[{"name":"wp","href":"https:\/\/api.w.org\/{rel}","templated":true}]}}