{"id":82788,"date":"2020-04-18T07:50:00","date_gmt":"2020-04-18T11:50:00","guid":{"rendered":"https:\/\/linitiative.ca\/International\/riadh-zghal-la-necessite-engendre-linvention-disait-platon\/"},"modified":"2020-04-18T07:50:00","modified_gmt":"2020-04-18T11:50:00","slug":"riadh-zghal-la-necessite-engendre-linvention-disait-platon","status":"publish","type":"post","link":"https:\/\/linitiative.ca\/International\/riadh-zghal-la-necessite-engendre-linvention-disait-platon\/","title":{"rendered":"Riadh Zghal: \u00abLa n\u00e9cessit\u00e9 engendre l\u2019invention\u00bb disait Platon"},"content":{"rendered":"<p>Le sociologue fran\u00e7ais Balandier avait signal\u00e9 qu\u2019il n\u2019y avait \u00abpas de soci\u00e9t\u00e9s sous d\u00e9velopp\u00e9es mais des soci\u00e9t\u00e9s sous analys\u00e9es\u00bb. On peut comprendre cela comme une invitation \u00e0 consid\u00e9rer la valeur des sp\u00e9cificit\u00e9s d\u2019une soci\u00e9t\u00e9 plut\u00f4t que de porter sur elle des jugements la sous-estimant voire la m\u00e9prisant. De tels jugements ne viennent pas seulement de l\u2019ext\u00e9rieur mais sont aussi prof\u00e9r\u00e9s par des personnes appartenant \u00e0 ces m\u00eames soci\u00e9t\u00e9s. C\u2019est que la domination par les pays les plus forts, dont la forme la plus agressive et culturellement destructrice qu\u2019est la colonisation, d\u00e9tourne le regard des capacit\u00e9s et des potentialit\u00e9s individuelles et collectives de cr\u00e9ation, d\u2019innovation et d\u2019organisation et annule donc la possibilit\u00e9 d\u2019en tirer profit lorsqu\u2019elles arrivent \u00e0 se manifester.<\/p>\n<p>Aujourd\u2019hui gr\u00e2ce \u00e0 cette pand\u00e9mie du COVID 19, gr\u00e2ce au confinement, non des personnes mais des pays, vu le coup donn\u00e9 aux commerce international et le tarissement des moyens financiers d\u2019un pays pauvre pour importer des \u00e9quipements m\u00e9dicaux co\u00fbteux, voil\u00e0 que l\u2019on se tourne vers les ing\u00e9nieurs, les architectes, les scientifiques toutes disciplines confondues pour, non seulement trouver des solutions technologiques mais aussi pour prendre des d\u00e9cisions politiques scientifiquement fond\u00e9es. Un proverbe arabe dit\u00a0\u00ab\u0627\u0644\u062d\u0627\u062c\u0629 \u062a\u0641\u062a\u0642 \u0627\u0644\u062d\u064a\u0644\u0629\u00bb au sens o\u00f9 c\u2019est la n\u00e9cessit\u00e9 qui engendre l\u2019imagination de la solution aux probl\u00e8mes, cela correspond \u00e0 cette affirmation de Platon reprise par les arabes \u00ab\u0627\u0644\u062d\u0627\u062c\u0629 \u0623\u0645 \u0627\u0644\u0627\u062e\u062a\u0631\u0627\u0639\u00bb\u00a0 la n\u00e9cessit\u00e9 est la m\u00e8re de l\u2019invention.<\/p>\n<p>Pourtant la question de l\u2019importance de la ma\u00eetrise de la technologie, celle de l\u2019innovation, celle du syst\u00e8me national d\u2019innovation n\u2019\u00e9taient pas absentes du d\u00e9bat universitaire ni de la recherche scientifique en Tunisie. En 1987, l\u2019ing\u00e9nieur Moncef Bouchrara publiait un article dans la revue Economie et humanisme intitul\u00e9 \u00abL\u2019industrialisation rampante ampleur, m\u00e9canismes et port\u00e9e\u00bb puis en 1989 un article dans la revue Tiers-Monde \u00abSfax: \u2018Capitale\u2019 de l\u2019industrialisation rampante\u00bb. Il avait r\u00e9v\u00e9l\u00e9 dans ces publications\u00a0 les capacit\u00e9s d\u2019innovation de petits entrepreneurs qui inventaient des proc\u00e9d\u00e9s, des usages in\u00e9dits de mat\u00e9riaux, parfois recycl\u00e9s ou d\u00e9tourn\u00e9s de leur usage initial, pour mettre \u00e0 disposition des consommateurs des produits accessibles dans un contexte de raret\u00e9. C\u2019\u00e9tait \u00e0 un moment o\u00f9 une pens\u00e9e s\u2019est d\u00e9velopp\u00e9 \u00e0 travers le monde, relative \u00e0 l\u2019innovation, les milieux innovateurs, l\u2019entrepreneuriat, la gestion de l\u2019entreprise et ses rapports avec l\u2019innovation, la technologie appropri\u00e9e et l\u2019appropriation de la technologie. C\u2019\u00e9tait aussi un moment o\u00f9 les travaux de recherche sur les ing\u00e9nieurs se sont multipli\u00e9s vu que ces derniers sont consid\u00e9r\u00e9s a priori comme \u00e9tant \u00e0 la fois innovateurs et gestionnaires.<\/p>\n<p>Personnellement j\u2019avais publi\u00e9 en 1986 un article dans la revue Travail et D\u00e9veloppement, intitul\u00e9 \u00abPour une strat\u00e9gie de d\u00e9veloppement technologique dans les entreprises tunisiennes: l\u2019action sur la structure organisationnelle et le d\u00e9veloppement du potentiel humain\u00bb. Puis en 1987 j\u2019ai \u00e9t\u00e9 invit\u00e9e par le CETIME (centre Technique des Industries M\u00e9caniques et Electriques) \u00e0 contribuer \u00e0 sa revue par un article que j\u2019avais intitul\u00e9 \u00abPolitique sociale et d\u00e9fi technologique\u00bb. Le lien que j\u2019avais \u00e9tabli et que je continue \u00e0 admettre, entre le technologique et le social tient \u00e0 ce que je consid\u00e8re trois dimensions dans la technologie si l\u2019on vise son exploitation pour la cr\u00e9ation de richesses: des techniques s\u2019appuyant sur un savoir scientifique et empirique, des qualit\u00e9s humaines de savoir et de savoir faire, un mode d\u2019organisation sociale du travail associ\u00e9 \u00e0 des valeurs et des repr\u00e9sentations soutenant un ordre social particulier.<\/p>\n<p>Depuis j\u2019ai multipli\u00e9 les travaux dans le domaine. Vint ensuite la cr\u00e9ation de DEA (dipl\u00f4me d\u2019\u00e9tudes approfondies) \u2013 ce qui correspond au mast\u00e8re actuellement \u2013 \u00e0 la Facult\u00e9 des Sciences Economiques et de gestion de Sfax. Sur ma proposition, un enseignement de gestion de l\u2019innovation a \u00e9t\u00e9 int\u00e9gr\u00e9 aux programmes. Certains \u00e9tudiants et \u00e9tudiantes ont r\u00e9alis\u00e9 des travaux de recherche portant sur les questions d\u2019innovation, d\u2019essaimage, d\u2019entrepreneuriat, toutes mises en perspective avec la gestion des ressources humaines et l\u2019organisation. A ce propos, je citerai la th\u00e8se soutenue par Lotfi Mezhoudi en 2001 \u00e0 l\u2019ISG de Tunis, ayant pour titre \u00abL\u00b4essaimage d\u2019entreprises et l\u2019appropriation de la technologie, sp\u00e9cificit\u00e9s r\u00e9gionales, sp\u00e9cificit\u00e9s nationales \u2013 Cas de la Tunisie\u00bb. Cette th\u00e8se \u00e0 r\u00e9v\u00e9l\u00e9, entre autres, les capacit\u00e9s d\u2019innovation de cadres moyens, exer\u00e7ant dans des entreprises publiques, qui leur ont permis de cr\u00e9er leurs propres entreprises innovantes.<\/p>\n<p>Dans l\u2019article publi\u00e9 dans la revue des industries m\u00e9caniques et \u00e9lectriques je m\u2019interrogeais: \u00abLa question qui se pose alors, est celle de savoir quel est l\u2019acteur social qui se chargerait de la conduite d\u2019une strat\u00e9gie menant \u00e0 l\u2019appropriation et la production technologique\u00bb. Certes beaucoup de programmes de recherche, d\u2019acc\u00e8s aux nouvelles technologies, ainsi que des expositions d\u2019innovations cr\u00e9\u00e9es par des \u00e9tudiants (es) ont \u00e9t\u00e9 r\u00e9alis\u00e9s. Des entreprises, des ing\u00e9nieurs et autres entrepreneurs ont innov\u00e9. Mais on n\u2019a pas r\u00e9alis\u00e9 un vrai d\u00e9collage technologique qui aurait rendu notre pays non seulement comp\u00e9titif \u00e0 l\u2019\u00e9chelle internationale mais aussi suffisamment autosuffisant dans des secteurs vitaux comme l\u2019agriculture ou la sant\u00e9. Pourtant le syst\u00e8me \u00e9ducatif et universitaire n\u2019a pas cess\u00e9 de produire des comp\u00e9tences potentiellement innovatrices.\u00a0<\/p>\n<p>Et voil\u00e0 qu\u2019aujourd\u2019hui les media rapportent de fa\u00e7on r\u00e9currente la r\u00e9alisation d\u2019innovations par des startuppers, des \u00e9quipes d\u2019ing\u00e9nieurs dont certains sont encore en formation. Des \u00e9nergies cr\u00e9atrices se lib\u00e8rent et des innovations \u00e9closent dans plusieurs r\u00e9gions du pays. Le gouvernement, attel\u00e9 au traitement difficile de la pand\u00e9mie du COVID 19, semble soutenir cette vague spontan\u00e9e et b\u00e9n\u00e9vole d\u2019innovation. On ne peut que s\u2019en r\u00e9jouir car enfin on se tourne vers des jeunes et des scientifiques qui les encadrent. L\u2019occasion est ainsi offerte pour mettre en valeur leur potentiel, leur capacit\u00e9 de servir, de changer les choses, leur engagement envers l\u2019int\u00e9r\u00eat g\u00e9n\u00e9ral, leur savoir favoris\u00e9 par leur familiarisation avec les logiciels, l\u2019informatique, l\u2019intelligence artificielle, les sciences de la vie et des mat\u00e9riaux, les imprimantes 3D, la langue anglaise la plus r\u00e9pandue dans les domaines scientifiques toutes disciplines confondues.\u00a0<\/p>\n<p>On est actuellement face \u00e0 un \u00e9lan salvateur, pourvu qu\u2019il n\u2019\u00e9volue pas comme celui de la solidarit\u00e9 observ\u00e9 parmi la soci\u00e9t\u00e9 civile lors de la r\u00e9volte de 2011. Celui-ci s\u2019est rapidement estomp\u00e9 laissant la place \u00e0 des luttes politiciennes. L\u2019occasion d\u2019un renforcement de la solidarit\u00e9 nationale susceptible de gu\u00e9rir les maux sociaux qui ont pouss\u00e9 \u00e0 la r\u00e9volte, a \u00e9t\u00e9 finalement perdue.\u00a0<\/p>\n<p>La question que je posais en 1986, voil\u00e0 d\u00e9j\u00e0 24 ans, est aujourd\u2019hui plus actuelle que jamais: \u00abqui \u00e9laborera une strat\u00e9gie nationale de d\u00e9veloppement, de l\u2019appropriation et de l\u2019innovation technologique en tenant compte de la n\u00e9cessit\u00e9 de r\u00e9former les modes de gestion des ressources humaines?\u00bb Aujourd\u2019hui, notre pays a besoin d\u2019une strat\u00e9gie de rupture qui permettrait de hisser son \u00e9conomie au niveau d\u2019une \u00e9conomie du savoir cr\u00e9atrice de richesse et en mesure de d\u00e9gripper un ascenseur social \u00e0 l\u2019arr\u00eat depuis belle lurette.<\/p>\n<p><span class=\"c2\"><em><strong>Sinc\u00e8res condol\u00e9ances<\/strong><\/em><\/span><\/p>\n<p><span class=\"c2\"><em>Toute notre profonde compassion avec notre excellente \u00e9ditorialiste, le Pr Riadh Zghal qui vient de perdre son cher \u00e9poux, Si Ahmed Zghal, ancien maire de Sfax et fondateur de la premi\u00e8re association tunisienne de protection de la nature et de l\u2019environnement.<\/em><\/span><\/p>\n<p><span class=\"c2\"><em>A notre ch\u00e8re conseour, \u00e0 ses enfants Temy et Emna, et \u00e0 toute la famille, l\u2019ensemble de l\u2019\u00e9quipe de Leaders adresse ses sinc\u00e8res condol\u00e9ances.<\/em><\/span><\/p>\n<p><strong>Lire aussi:<\/strong><\/p>\n<p><a href=\"https:\/\/www.leaders.com.tn\/article\/29531-aissa-baccouche-sid-ahmed-zghal-le-dernier-des-mohicans\" target=\"_blank\" rel=\"noopener noreferrer\">A\u00efssa Baccouche: Sid\u2019 Ahmed Zghal, le dernier des \u00abMohicans\u00bb<\/a><\/p>\n<p>Auteur:<br \/>\n<a href=\"https:\/\/www.leaders.com.tn\/article\/29712-riadh-zghal-la-necessite-engendre-l-invention-disait-platon\">Cliquez ici pour lire l&rsquo;article depuis sa source.<\/a><\/p>\n","protected":false},"excerpt":{"rendered":"<p>Le sociologue fran\u00e7ais Balandier avait signal\u00e9 qu\u2019il n\u2019y avait \u00abpas de soci\u00e9t\u00e9s sous d\u00e9velopp\u00e9es mais des soci\u00e9t\u00e9s sous analys\u00e9es\u00bb. On peut comprendre cela comme une invitation \u00e0 consid\u00e9rer la valeur des sp\u00e9cificit\u00e9s d\u2019une soci\u00e9t\u00e9 plut\u00f4t que de porter sur elle des jugements la sous-estimant voire la m\u00e9prisant. De tels jugements ne viennent pas seulement de [&hellip;]<\/p>\n","protected":false},"author":1772,"featured_media":0,"comment_status":"closed","ping_status":"closed","sticky":false,"template":"","format":"standard","meta":{"fifu_image_url":"","fifu_image_alt":"","footnotes":""},"categories":[73,55],"tags":[],"class_list":["post-82788","post","type-post","status-publish","format-standard","hentry","category-actualite","category-tunisie"],"_links":{"self":[{"href":"https:\/\/linitiative.ca\/International\/wp-json\/wp\/v2\/posts\/82788","targetHints":{"allow":["GET"]}}],"collection":[{"href":"https:\/\/linitiative.ca\/International\/wp-json\/wp\/v2\/posts"}],"about":[{"href":"https:\/\/linitiative.ca\/International\/wp-json\/wp\/v2\/types\/post"}],"author":[{"embeddable":true,"href":"https:\/\/linitiative.ca\/International\/wp-json\/wp\/v2\/users\/1772"}],"replies":[{"embeddable":true,"href":"https:\/\/linitiative.ca\/International\/wp-json\/wp\/v2\/comments?post=82788"}],"version-history":[{"count":0,"href":"https:\/\/linitiative.ca\/International\/wp-json\/wp\/v2\/posts\/82788\/revisions"}],"wp:attachment":[{"href":"https:\/\/linitiative.ca\/International\/wp-json\/wp\/v2\/media?parent=82788"}],"wp:term":[{"taxonomy":"category","embeddable":true,"href":"https:\/\/linitiative.ca\/International\/wp-json\/wp\/v2\/categories?post=82788"},{"taxonomy":"post_tag","embeddable":true,"href":"https:\/\/linitiative.ca\/International\/wp-json\/wp\/v2\/tags?post=82788"}],"curies":[{"name":"wp","href":"https:\/\/api.w.org\/{rel}","templated":true}]}}