{"id":82791,"date":"2020-04-18T12:42:00","date_gmt":"2020-04-18T16:42:00","guid":{"rendered":"https:\/\/linitiative.ca\/International\/solidarite-sans-frontieres-un-collectif-de-medecins-tunisiens-en-france-contre-le-covid-19\/"},"modified":"2020-04-18T12:42:00","modified_gmt":"2020-04-18T16:42:00","slug":"solidarite-sans-frontieres-un-collectif-de-medecins-tunisiens-en-france-contre-le-covid-19","status":"publish","type":"post","link":"https:\/\/linitiative.ca\/International\/solidarite-sans-frontieres-un-collectif-de-medecins-tunisiens-en-france-contre-le-covid-19\/","title":{"rendered":"Solidarit\u00e9 sans fronti\u00e8res : Un collectif de m\u00e9decins tunisiens en France contre le Covid-19"},"content":{"rendered":"<p><span class=\"c2\"><em><strong>Mohamed Larbi Bouguerra: Correspondance particuli\u00e8re de Paris pour Leaders &#8211;<\/strong><\/em><\/span> Au risque de froisser sa modestie, j\u2019ai eu vent de cette belle initiative par le biais d\u2019une conversation avec mon vieil ami le Dr Jean-Claude Soufir, ancien diab\u00e9tologue, responsable de l\u2019Unit\u00e9 d\u2019andrologie de l\u2019h\u00f4pital Bic\u00eatre \u00e0 Paris.<\/p>\n<p>28 m\u00e9decins tunisiens (la liste est appel\u00e9e \u00e0 s\u2019allonger) font ainsi acte de solidarit\u00e9 avec les membres de la communaut\u00e9 tunisienne en France pour leur tendre une main secourable en ces temps de coronavirus. Mais leur geste fraternel traverse la mer pour partager avec leurs confr\u00e8res de l\u2019autre rive documents officiels et litt\u00e9rature scientifique pertinente.<\/p>\n<p>Cette magnifique d\u00e9marche me remet en m\u00e9moire une parole de Michel Serres qui s\u2019adressait aux m\u00e9decins, en perp\u00e9tuel dialogue avec savoir scientifique et exp\u00e9rience humaine : vous \u00eates, \u00e9crit le philosophe et historien des sciences, \u00abdes Aristote ind\u00e9finiment contemporains, je veux dire des sages qui savent que l\u2019individu r\u00e9siste en substance aux id\u00e9alit\u00e9s\u2026.Portant sur les \u00e9paules savoir et piti\u00e9, le Tiers-Instruit, c\u2019est vous\u2026\u00bb<\/p>\n<p class=\"c4\"><span class=\"c2\"><span class=\"c3\"><strong>Communiqu\u00e9<\/strong><\/span><\/span><\/p>\n<p><span class=\"c6\"><span class=\"c5\"><strong>Collectif des m\u00e9decins tunisiens en France contre le COVID 19<\/strong><\/span><\/span><\/p>\n<p><span class=\"c2\"><strong>Le 16 Avril 2020<\/strong><\/span><\/p>\n<p>Pendant cette p\u00e9riode de crise mondiale, l\u2019acc\u00e8s aux services de sant\u00e9 devient difficile de par le monde.<\/p>\n<p>En France, comme ailleurs, l\u2019acc\u00e8s aux services de sant\u00e9 a \u00e9t\u00e9 restructur\u00e9 pour r\u00e9pondre aux besoins de la population pendant cette \u00e9pid\u00e9mie.<\/p>\n<p>Ainsi, une partie des tunisiens r\u00e9sidants en France peuvent rencontrer des probl\u00e8mes sp\u00e9cifiques : difficult\u00e9s d\u2019acc\u00e8s \u00e0 un m\u00e9decin traitant, acc\u00e8s ardu \u00e0 l\u2019information du fait de la barri\u00e8re de la langue.<\/p>\n<p>Nous, M\u00e9decins tunisiens en France, sommes conscients des difficult\u00e9s que connaissent certains de nos concitoyens pour s\u2019orienter dans le syst\u00e8me de sant\u00e9, trouver une prise en charge ad\u00e9quate pour les maladies chroniques ainsi que des r\u00e9ponses \u00e0 leurs questionnements concernant le COVID 19.<\/p>\n<p>Par ailleurs, nous constatons \u00e9galement, la circulation de certaines informations contradictoires ou incompl\u00e8tes concernant les strat\u00e9gies et protocoles m\u00e9dicaux \u00e0 mettre en place en Tunisie dans cette lutte contre le COVID 19, ainsi qu\u2019en mati\u00e8re de risques sp\u00e9cifiques que cette infection peut provoquer sur certains terrains pathologiques.<\/p>\n<p>Nous avons d\u00e9cid\u00e9 d\u2019une double initiative:<\/p>\n<p class=\"c7\"><span class=\"c2\"><strong>\u2022 UMCO: Unit\u00e9 m\u00e9dicale de conseil et d\u2019orientation pour les tunisiens r\u00e9sidant en France:<\/strong><\/span><\/p>\n<p class=\"c7\">Des m\u00e9decins volontaires de plusieurs sp\u00e9cialit\u00e9s, tunisiens ou amis de la Tunisie en France ont r\u00e9pondu positivement pour la cr\u00e9ation de cette unit\u00e9 m\u00e9dicale, afin de r\u00e9pondre au mieux aux besoins des tunisiens en difficult\u00e9 en minimisant les risques d\u2019exposition et la surcharge des services des urgences.<br \/>Cette unit\u00e9 collabore avec l\u2019Ambassade Tunisie en France et la Fondation Maison de la Tunisie et les m\u00e9decins seront joignables par t\u00e9l\u00e9phone \u00e0 travers le num\u00e9ro mis \u00e0 disposition: 09 72 46 78 71<\/p>\n<p class=\"c7\"><span class=\"c2\"><strong>\u2022 Comit\u00e9 bibliographique :<\/strong><\/span><\/p>\n<p class=\"c7\">Des m\u00e9decins tunisiens de plusieurs sp\u00e9cialit\u00e9s ont cr\u00e9\u00e9 un groupe de travail dont la fonction est de partager les documents officiels et les publications scientifiques pertinentes et les communiquer \u00e0 l\u2019unit\u00e9 de coordination nationale tunisienne pour enrichir les connaissances nationales et accompagner le processus d\u00e9cisionnel sanitaire tunisien.<br \/>Ces initiatives \u00e9manent de m\u00e9decins tunisiens ind\u00e9pendants et volontaires qui se sont organis\u00e9s pour appuyer la communaut\u00e9 tunisienne en France et d\u2019accompagner le syst\u00e8me de sant\u00e9 Tunisien.<br \/>Ce groupe reste ouvert aux m\u00e9decins souhaitant faire partie de ces initiatives. Si tel est votre cas contactez-nous par mail : yaakoubi.amira@gmail.com<\/p>\n<p><span class=\"c5\"><strong>Signatures:<\/strong><\/span><\/p>\n<p><span class=\"c2\"><strong>\u2022<\/strong><\/span> Dr Amrani Monia<br \/><span class=\"c2\"><strong>\u2022<\/strong><\/span> Dr Bahloul Houda<br \/><span class=\"c2\"><strong>\u2022<\/strong><\/span> Dr Ben Aleya Nadia<br \/><span class=\"c2\"><strong>\u2022<\/strong><\/span> Dr Ben Ammar Mohamed Salah<br \/><span class=\"c2\"><strong>\u2022<\/strong><\/span> Dr Ben Hadj Taher<br \/><span class=\"c2\"><strong>\u2022<\/strong><\/span> Dr Ben Hamida Samia<br \/><span class=\"c2\"><strong>\u2022<\/strong><\/span> Dr Ben Lamine Sana<br \/><span class=\"c2\"><strong>\u2022<\/strong><\/span> Dr. Boudabous Hanene<br \/><span class=\"c2\"><strong>\u2022<\/strong><\/span> Dr Boussarsar Emna<br \/><span class=\"c2\"><strong>\u2022<\/strong><\/span> Dr Chalbi Myriam<br \/><span class=\"c2\"><strong>\u2022<\/strong><\/span> Dr Chaouch Oussama<br \/><span class=\"c2\"><strong>\u2022<\/strong><\/span> Dr El Amri Aida<br \/><span class=\"c2\"><strong>\u2022<\/strong><\/span> Dr Gassara Mohamed<br \/><span class=\"c2\"><strong>\u2022<\/strong><\/span> Dr Hamdoun Sonia<br \/><span class=\"c2\"><strong>\u2022<\/strong><\/span> Dr Jeddi Hassen<br \/><span class=\"c2\"><strong>\u2022<\/strong><\/span> Dr Jeddi Mouna<br \/><span class=\"c2\"><strong>\u2022<\/strong><\/span> Dr Kamoun Imen<br \/><span class=\"c2\"><strong>\u2022<\/strong><\/span> Dr Largueche Myriam<br \/><span class=\"c2\"><strong>\u2022<\/strong><\/span> Dr Meddeb Cyrine<br \/><span class=\"c2\"><strong>\u2022<\/strong><\/span> Dr Mechala Meriem<br \/><span class=\"c2\"><strong>\u2022<\/strong><\/span> Dr Messaoud Tahar<br \/><span class=\"c2\"><strong>\u2022<\/strong><\/span> Dr Selmi Wiem<br \/><span class=\"c2\"><strong>\u2022<\/strong><\/span> Dr Soltani Dhaoui<br \/><span class=\"c2\"><strong>\u2022<\/strong><\/span> Dr Soufir Jean Claude<br \/><span class=\"c2\"><strong>\u2022<\/strong><\/span> Dr Souissi Wicem<br \/><span class=\"c2\"><strong>\u2022<\/strong><\/span> Dr Tlili Rim<br \/><span class=\"c2\"><strong>\u2022<\/strong><\/span> Dr Trabelsi Chawki<br \/><span class=\"c2\"><strong>\u2022<\/strong><\/span> Dr Valensi Francoise<br \/><span class=\"c2\"><strong>\u2022<\/strong><\/span> Dr Yaakoubi Amira<br \/><span class=\"c2\"><strong>\u2022<\/strong><\/span> Dr Zouabi Hamadi<\/p>\n<p>Auteur:<br \/>\n<a href=\"https:\/\/www.leaders.com.tn\/article\/29715-solidarite-sans-frontieres-un-collectif-de-medecins-tunisiens-en-france-contre-le-covid-19\">Cliquez ici pour lire l&rsquo;article depuis sa source.<\/a><\/p>\n","protected":false},"excerpt":{"rendered":"<p>Mohamed Larbi Bouguerra: Correspondance particuli\u00e8re de Paris pour Leaders &#8211; Au risque de froisser sa modestie, j\u2019ai eu vent de cette belle initiative par le biais d\u2019une conversation avec mon vieil ami le Dr Jean-Claude Soufir, ancien diab\u00e9tologue, responsable de l\u2019Unit\u00e9 d\u2019andrologie de l\u2019h\u00f4pital Bic\u00eatre \u00e0 Paris. 28 m\u00e9decins tunisiens (la liste est appel\u00e9e \u00e0 [&hellip;]<\/p>\n","protected":false},"author":1772,"featured_media":0,"comment_status":"closed","ping_status":"closed","sticky":false,"template":"","format":"standard","meta":{"fifu_image_url":"","fifu_image_alt":"","footnotes":""},"categories":[73,55],"tags":[],"class_list":["post-82791","post","type-post","status-publish","format-standard","hentry","category-actualite","category-tunisie"],"_links":{"self":[{"href":"https:\/\/linitiative.ca\/International\/wp-json\/wp\/v2\/posts\/82791","targetHints":{"allow":["GET"]}}],"collection":[{"href":"https:\/\/linitiative.ca\/International\/wp-json\/wp\/v2\/posts"}],"about":[{"href":"https:\/\/linitiative.ca\/International\/wp-json\/wp\/v2\/types\/post"}],"author":[{"embeddable":true,"href":"https:\/\/linitiative.ca\/International\/wp-json\/wp\/v2\/users\/1772"}],"replies":[{"embeddable":true,"href":"https:\/\/linitiative.ca\/International\/wp-json\/wp\/v2\/comments?post=82791"}],"version-history":[{"count":0,"href":"https:\/\/linitiative.ca\/International\/wp-json\/wp\/v2\/posts\/82791\/revisions"}],"wp:attachment":[{"href":"https:\/\/linitiative.ca\/International\/wp-json\/wp\/v2\/media?parent=82791"}],"wp:term":[{"taxonomy":"category","embeddable":true,"href":"https:\/\/linitiative.ca\/International\/wp-json\/wp\/v2\/categories?post=82791"},{"taxonomy":"post_tag","embeddable":true,"href":"https:\/\/linitiative.ca\/International\/wp-json\/wp\/v2\/tags?post=82791"}],"curies":[{"name":"wp","href":"https:\/\/api.w.org\/{rel}","templated":true}]}}