{"id":82792,"date":"2020-04-18T13:32:57","date_gmt":"2020-04-18T17:32:57","guid":{"rendered":"https:\/\/linitiative.ca\/International\/coronavirus-121-nouveaux-cas-au-maroc-2-685-au-total-samedi-18-avril-a-18h\/"},"modified":"2020-04-18T13:32:57","modified_gmt":"2020-04-18T17:32:57","slug":"coronavirus-121-nouveaux-cas-au-maroc-2-685-au-total-samedi-18-avril-a-18h","status":"publish","type":"post","link":"https:\/\/linitiative.ca\/International\/coronavirus-121-nouveaux-cas-au-maroc-2-685-au-total-samedi-18-avril-a-18h\/","title":{"rendered":"Coronavirus : 121 nouveaux cas au Maroc, 2.685 au total, samedi 18 avril \u00e0 18h"},"content":{"rendered":"<p><strong>Cent vingt-et-un nouveaux cas d\u2019infection au coronavirus (Covid-19) ont \u00e9t\u00e9 confirm\u00e9s au Maroc lors des derni\u00e8res 24 heures, portant \u00e0 2.685 le nombre total des cas de contamination, a annonc\u00e9 samedi le minist\u00e8re de la Sant\u00e9.<\/strong><\/p>\n<div class=\"c10\"\/>\n<p>Le nombre de personnes d\u00e9clar\u00e9es gu\u00e9ries s\u2019est \u00e9lev\u00e9, jusqu\u2019\u00e0 samedi \u00e0 18H00, \u00e0 314 (33 r\u00e9missions suppl\u00e9mentaires), alors que le nombre de d\u00e9c\u00e8s a \u00e9t\u00e9 port\u00e9 \u00e0 137 avec 02 nouveaux d\u00e9c\u00e8s, a indiqu\u00e9 le directeur de l\u2019\u00e9pid\u00e9miologie et de lutte contre les maladies au minist\u00e8re de la Sant\u00e9, Mohamed El Youbi, dans une d\u00e9claration retransmise par la MAP sur sa cha\u00eene de t\u00e9l\u00e9vision M24 et et sur RIM RADIO.<\/p>\n<p><img decoding=\"async\" src=\"https:\/\/www.challenge.ma\/wp-content\/uploads\/2020\/04\/db73eb1bc34ed21c3fc23316de7668e3.jpg\" alt=\"\" class=\"wp-image-137834\" srcset=\"https:\/\/www.challenge.ma\/wp-content\/uploads\/2020\/04\/db73eb1bc34ed21c3fc23316de7668e3.jpg 780w, https:\/\/www.challenge.ma\/wp-content\/uploads\/2020\/04\/db73eb1bc34ed21c3fc23316de7668e3-300x180.jpg 300w, https:\/\/www.challenge.ma\/wp-content\/uploads\/2020\/04\/db73eb1bc34ed21c3fc23316de7668e3-768x461.jpg 768w, https:\/\/www.challenge.ma\/wp-content\/uploads\/2020\/04\/db73eb1bc34ed21c3fc23316de7668e3-360x216.jpg 360w, https:\/\/www.challenge.ma\/wp-content\/uploads\/2020\/04\/db73eb1bc34ed21c3fc23316de7668e3-750x450.jpg 750w\" sizes=\"(max-width: 780px) 100vw, 780px\"\/><\/p>\n<div class=\"c17\">\n<fieldset class=\"c16\">\n<legend><strong><span class=\"c11\">Challenge<\/span><span class=\"c12\">news<\/span><\/strong><\/legend>\n<div class=\"c15\">Le meilleur de Challenge s\u00e9lectionn\u00e9 par la r\u00e9daction :<\/p>\n<\/div>\n<\/fieldset>\n<\/div>\n<p>Auteur: challenge<br \/>\n<a href=\"https:\/\/www.challenge.ma\/coronavirus-121-nouveaux-cas-au-maroc-2-685-au-total-samedi-18-avril-a-18h-137833\/\">Cliquez ici pour lire l&rsquo;article depuis sa source.<\/a><\/p>\n","protected":false},"excerpt":{"rendered":"<p>Cent vingt-et-un nouveaux cas d\u2019infection au coronavirus (Covid-19) ont \u00e9t\u00e9 confirm\u00e9s au Maroc lors des derni\u00e8res 24 heures, portant \u00e0 2.685 le nombre total des cas de contamination, a annonc\u00e9 samedi le minist\u00e8re de la Sant\u00e9. Le nombre de personnes d\u00e9clar\u00e9es gu\u00e9ries s\u2019est \u00e9lev\u00e9, jusqu\u2019\u00e0 samedi \u00e0 18H00, \u00e0 314 (33 r\u00e9missions suppl\u00e9mentaires), alors que [&hellip;]<\/p>\n","protected":false},"author":1787,"featured_media":0,"comment_status":"closed","ping_status":"closed","sticky":false,"template":"","format":"standard","meta":{"fifu_image_url":"","fifu_image_alt":"","footnotes":""},"categories":[78,54],"tags":[],"class_list":["post-82792","post","type-post","status-publish","format-standard","hentry","category-economie","category-maroc"],"_links":{"self":[{"href":"https:\/\/linitiative.ca\/International\/wp-json\/wp\/v2\/posts\/82792","targetHints":{"allow":["GET"]}}],"collection":[{"href":"https:\/\/linitiative.ca\/International\/wp-json\/wp\/v2\/posts"}],"about":[{"href":"https:\/\/linitiative.ca\/International\/wp-json\/wp\/v2\/types\/post"}],"author":[{"embeddable":true,"href":"https:\/\/linitiative.ca\/International\/wp-json\/wp\/v2\/users\/1787"}],"replies":[{"embeddable":true,"href":"https:\/\/linitiative.ca\/International\/wp-json\/wp\/v2\/comments?post=82792"}],"version-history":[{"count":0,"href":"https:\/\/linitiative.ca\/International\/wp-json\/wp\/v2\/posts\/82792\/revisions"}],"wp:attachment":[{"href":"https:\/\/linitiative.ca\/International\/wp-json\/wp\/v2\/media?parent=82792"}],"wp:term":[{"taxonomy":"category","embeddable":true,"href":"https:\/\/linitiative.ca\/International\/wp-json\/wp\/v2\/categories?post=82792"},{"taxonomy":"post_tag","embeddable":true,"href":"https:\/\/linitiative.ca\/International\/wp-json\/wp\/v2\/tags?post=82792"}],"curies":[{"name":"wp","href":"https:\/\/api.w.org\/{rel}","templated":true}]}}