{"id":82793,"date":"2020-04-18T14:18:24","date_gmt":"2020-04-18T18:18:24","guid":{"rendered":"https:\/\/linitiative.ca\/International\/coronavirus-principaux-points-de-la-declaration-du-ministere-de-la-sante\/"},"modified":"2020-04-18T14:18:24","modified_gmt":"2020-04-18T18:18:24","slug":"coronavirus-principaux-points-de-la-declaration-du-ministere-de-la-sante","status":"publish","type":"post","link":"https:\/\/linitiative.ca\/International\/coronavirus-principaux-points-de-la-declaration-du-ministere-de-la-sante\/","title":{"rendered":"Coronavirus : Principaux points de la d\u00e9claration du minist\u00e8re de la Sant\u00e9"},"content":{"rendered":"<p><strong>Voici les principaux points de la d\u00e9claration donn\u00e9e vendredi par le directeur de l\u2019\u00e9pid\u00e9miologie et de lutte contre les maladies au minist\u00e8re de la Sant\u00e9, Mohamed El Youbi, dans laquelle il a fait le point sur la situation \u00e9pid\u00e9miologique du coronavirus au Maroc :<\/strong><\/p>\n<div class=\"c10\"\/>\n<p>-. 121 nouveaux cas d\u2019infection confirm\u00e9s au Maroc pendant les derni\u00e8res 24 heures, portant \u00e0 2.685 le nombre total des contaminations;<\/p>\n<p>\u2013 Le nombre de personnes d\u00e9clar\u00e9es gu\u00e9ries a atteint 314, avec 33 nouvelles r\u00e9missions, alors que le nombre de d\u00e9c\u00e8s s\u2019\u00e9l\u00e8ve d\u00e9sormais \u00e0 137 apr\u00e8s la survenue de deux nouveaux d\u00e9c\u00e8s;<\/p>\n<p>\u2013 Un seul cas d\u2019infection a \u00e9t\u00e9 enregistr\u00e9 dans le foyer de Casablanca, mais qu\u2019aucune contamination n\u2019a \u00e9t\u00e9 d\u00e9tect\u00e9e dans ceux de Marrakech, Nador et F\u00e8s.<\/p>\n<p>-. Deux clusters ont \u00e9t\u00e9 constat\u00e9s \u00e0 Tanger : l\u2019un concerne une unit\u00e9 industrielle (9 cas) et l\u2019autre un foyer familial avec autant de cas.<\/p>\n<p>\u2013 616 cas probables qui ont \u00e9t\u00e9 exclus apr\u00e8s des analyses au laboratoire, portant ainsi \u00e0 11.004 le nombre des cas exclus depuis le d\u00e9but de l\u2019\u00e9pid\u00e9mie.<\/p>\n<p>\u2013 L\u2019essentiel des nouvelles contaminations sont d\u00e9tect\u00e9es gr\u00e2ce au suivi des personnes contacts, une op\u00e9ration qui a concern\u00e9 \u00e0 13.562 cas.<\/p>\n<p>\u2013 Le taux de mortalit\u00e9 a sensiblement baiss\u00e9 pour atteindre 5,1 %, gr\u00e2ce \u00e0 l\u2019effort de d\u00e9tection pr\u00e9coce des cas ou de cas asymptomatiques.<\/p>\n<div class=\"c17\">\n<fieldset class=\"c16\">\n<legend><strong><span class=\"c11\">Challenge<\/span><span class=\"c12\">news<\/span><\/strong><\/legend>\n<div class=\"c15\">Le meilleur de Challenge s\u00e9lectionn\u00e9 par la r\u00e9daction :<\/p>\n<\/div>\n<\/fieldset>\n<\/div>\n<p>Auteur: challenge<br \/>\n<a href=\"https:\/\/www.challenge.ma\/coronavirus-principaux-points-de-la-declaration-du-ministere-de-la-sante-137844\/\">Cliquez ici pour lire l&rsquo;article depuis sa source.<\/a><\/p>\n","protected":false},"excerpt":{"rendered":"<p>Voici les principaux points de la d\u00e9claration donn\u00e9e vendredi par le directeur de l\u2019\u00e9pid\u00e9miologie et de lutte contre les maladies au minist\u00e8re de la Sant\u00e9, Mohamed El Youbi, dans laquelle il a fait le point sur la situation \u00e9pid\u00e9miologique du coronavirus au Maroc : -. 121 nouveaux cas d\u2019infection confirm\u00e9s au Maroc pendant les derni\u00e8res [&hellip;]<\/p>\n","protected":false},"author":1787,"featured_media":0,"comment_status":"closed","ping_status":"closed","sticky":false,"template":"","format":"standard","meta":{"fifu_image_url":"","fifu_image_alt":"","footnotes":""},"categories":[78,54],"tags":[],"class_list":["post-82793","post","type-post","status-publish","format-standard","hentry","category-economie","category-maroc"],"_links":{"self":[{"href":"https:\/\/linitiative.ca\/International\/wp-json\/wp\/v2\/posts\/82793","targetHints":{"allow":["GET"]}}],"collection":[{"href":"https:\/\/linitiative.ca\/International\/wp-json\/wp\/v2\/posts"}],"about":[{"href":"https:\/\/linitiative.ca\/International\/wp-json\/wp\/v2\/types\/post"}],"author":[{"embeddable":true,"href":"https:\/\/linitiative.ca\/International\/wp-json\/wp\/v2\/users\/1787"}],"replies":[{"embeddable":true,"href":"https:\/\/linitiative.ca\/International\/wp-json\/wp\/v2\/comments?post=82793"}],"version-history":[{"count":0,"href":"https:\/\/linitiative.ca\/International\/wp-json\/wp\/v2\/posts\/82793\/revisions"}],"wp:attachment":[{"href":"https:\/\/linitiative.ca\/International\/wp-json\/wp\/v2\/media?parent=82793"}],"wp:term":[{"taxonomy":"category","embeddable":true,"href":"https:\/\/linitiative.ca\/International\/wp-json\/wp\/v2\/categories?post=82793"},{"taxonomy":"post_tag","embeddable":true,"href":"https:\/\/linitiative.ca\/International\/wp-json\/wp\/v2\/tags?post=82793"}],"curies":[{"name":"wp","href":"https:\/\/api.w.org\/{rel}","templated":true}]}}