{"id":82794,"date":"2020-04-18T14:39:55","date_gmt":"2020-04-18T18:39:55","guid":{"rendered":"https:\/\/linitiative.ca\/International\/tunisie-sur-quelle-base-abdellatif-mekki-a-t-il-annonce-la-fin-de-la-phase-critique\/"},"modified":"2020-04-18T14:39:55","modified_gmt":"2020-04-18T18:39:55","slug":"tunisie-sur-quelle-base-abdellatif-mekki-a-t-il-annonce-la-fin-de-la-phase-critique","status":"publish","type":"post","link":"https:\/\/linitiative.ca\/International\/tunisie-sur-quelle-base-abdellatif-mekki-a-t-il-annonce-la-fin-de-la-phase-critique\/","title":{"rendered":"Tunisie \u2013 Sur quelle base Abdellatif Mekki a-t-il annonc\u00e9 la fin de la \u00ab\u00a0phase critique\u00a0\u00bb\u00a0?"},"content":{"rendered":"<div class=\"post-cont-in left relative\">\n<p>Le ministre de la Sant\u00e9 tunisien, Abdellatif Mekki a annonc\u00e9 une bonne nouvelle, ce samedi, au micro de Radio Tataouine, quand il a dit que la Tunisie a d\u00e9pass\u00e9, avec un minium de d\u00e9g\u00e2ts, la phase critique de l\u2019\u00e9pid\u00e9mie. Il a, n\u00e9anmoins, ajout\u00e9 que les r\u00e9sultats auraient pu \u00eatre meilleurs si les tunisiens avaient \u00e9t\u00e9 plus stricts dans le respect des mesures de confinement.<\/p>\n<div class=\"code-block code-block-1 c3\"><ins class=\"adsbygoogle c2\" data-ad-layout=\"in-article\" data-ad-format=\"fluid\" data-ad-client=\"ca-pub-2102118777505746\" data-ad-slot=\"7301775417\"\/> <\/div>\n<p>Mekki a ajout\u00e9 que bien que la phase critique soit d\u00e9pass\u00e9e, le danger persiste encore et il faudra maintenir un haut niveau de vigilance et de pr\u00e9caution, pour \u00e9viter de d\u00e9truire ce que la Tunisie a r\u00e9alis\u00e9 en mati\u00e8re de lutte contre l\u2019\u00e9pid\u00e9mie, pr\u00e9cisant que le monde retiendra la prouesse de la Tunisie dans cette crise mondiale.<\/p>\n<p>Une d\u00e9claration et de bonnes nouvelles apaisantes, quoique incompr\u00e9hensibles, dans la mesure o\u00f9 la courbe des nouveaux cas de covid+, n\u2019a pas amorc\u00e9 sa d\u00e9croissance, bien au contraire, elle a enregistr\u00e9 une hausse significative, pas plus tard qu\u2019hier.<\/p>\n<p>Ce qui suscite des questionnements sur les arguments qui ont permis au ministre d\u2019assurer que la phase critique a \u00e9t\u00e9 d\u00e9pass\u00e9e. Auquel cas, le citoyens aimeraient \u00eatre tenus au courant de ces d\u00e9tails, parce que les chiffres annonc\u00e9s par le minist\u00e8re sont en contradiction avec les propos du ministre, \u00e0 moins que ces chiffres ne refl\u00e8tent pas la r\u00e9alit\u00e9 de ce que le ministre connait.<\/p>\n<div class=\"swp_social_panel swp_horizontal_panel swp_flat_fresh swp_default_full_color swp_individual_full_color swp_other_full_color scale-100 scale-\" data-min-width=\"1100\" data-float-color=\"#ffffff\" data-float=\"bottom\" data-float-mobile=\"bottom\" data-transition=\"slide\">\n<div class=\"nc_tweetContainer swp_share_button total_shares total_sharesalt\"><span class=\"swp_count\">43 <span class=\"swp_label\">Partages<\/span><\/span><\/div>\n<\/div>\n<p><strong>Que se passe-t-il en Tunisie?<\/strong><br \/>Nous expliquons sur notre <a href=\"https:\/\/www.youtube.com\/channel\/UCRzypVq0B_yBad5eGrwBx0Q?sub_confirmation=1\" target=\"_blank\" rel=\"noopener noreferrer\">cha\u00eene YouTube<\/a> . <a href=\"https:\/\/www.youtube.com\/channel\/UCRzypVq0B_yBad5eGrwBx0Q?sub_confirmation=1\" target=\"_blank\" rel=\"noopener noreferrer\">Abonnez-vous!<\/a><\/p>\n<div class=\"mvp-org-wrap mvp-org-logo\" itemprop=\"publisher\" itemscope=\"\" itemtype=\"https:\/\/schema.org\/Organization\"><img decoding=\"async\" src=\"https:\/\/www.tunisienumerique.com\/wp-content\/uploads\/2017\/02\/logo_tunisie_numerique.png\"\/><\/div>\n<div class=\"mvp-related-posts left relative\">\n<h4 class=\"post-header\"><span class=\"post-header\">Lire aussi<\/span><\/h4>\n<\/div>\n<div id=\"article-ad\"><ins class=\"adsbygoogle c4\" data-ad-client=\"ca-pub-2102118777505746\" data-ad-slot=\"6513972734\" data-ad-format=\"auto\" data-full-width-responsive=\"true\"\/> <\/div>\n<\/div>\n<div id=\"post-sidebar-wrap\"><ins class=\"adsbygoogle c4\" data-ad-client=\"ca-pub-2102118777505746\" data-ad-slot=\"6168283410\" data-ad-format=\"auto\" data-full-width-responsive=\"true\"\/> <\/div>\n<p>Auteur: Saber .<br \/>\n<a href=\"https:\/\/www.tunisienumerique.com\/tunisie-sur-quelle-base-abdellatif-mekki-a-t-il-annonce-la-fin-de-la-phase-critique\/\">Cliquez ici pour lire l&rsquo;article depuis sa source.<\/a><\/p>\n","protected":false},"excerpt":{"rendered":"<p>Le ministre de la Sant\u00e9 tunisien, Abdellatif Mekki a annonc\u00e9 une bonne nouvelle, ce samedi, au micro de Radio Tataouine, quand il a dit que la Tunisie a d\u00e9pass\u00e9, avec un minium de d\u00e9g\u00e2ts, la phase critique de l\u2019\u00e9pid\u00e9mie. Il a, n\u00e9anmoins, ajout\u00e9 que les r\u00e9sultats auraient pu \u00eatre meilleurs si les tunisiens avaient \u00e9t\u00e9 [&hellip;]<\/p>\n","protected":false},"author":1789,"featured_media":0,"comment_status":"closed","ping_status":"closed","sticky":false,"template":"","format":"standard","meta":{"fifu_image_url":"","fifu_image_alt":"","footnotes":""},"categories":[73,55],"tags":[],"class_list":["post-82794","post","type-post","status-publish","format-standard","hentry","category-actualite","category-tunisie"],"_links":{"self":[{"href":"https:\/\/linitiative.ca\/International\/wp-json\/wp\/v2\/posts\/82794","targetHints":{"allow":["GET"]}}],"collection":[{"href":"https:\/\/linitiative.ca\/International\/wp-json\/wp\/v2\/posts"}],"about":[{"href":"https:\/\/linitiative.ca\/International\/wp-json\/wp\/v2\/types\/post"}],"author":[{"embeddable":true,"href":"https:\/\/linitiative.ca\/International\/wp-json\/wp\/v2\/users\/1789"}],"replies":[{"embeddable":true,"href":"https:\/\/linitiative.ca\/International\/wp-json\/wp\/v2\/comments?post=82794"}],"version-history":[{"count":0,"href":"https:\/\/linitiative.ca\/International\/wp-json\/wp\/v2\/posts\/82794\/revisions"}],"wp:attachment":[{"href":"https:\/\/linitiative.ca\/International\/wp-json\/wp\/v2\/media?parent=82794"}],"wp:term":[{"taxonomy":"category","embeddable":true,"href":"https:\/\/linitiative.ca\/International\/wp-json\/wp\/v2\/categories?post=82794"},{"taxonomy":"post_tag","embeddable":true,"href":"https:\/\/linitiative.ca\/International\/wp-json\/wp\/v2\/tags?post=82794"}],"curies":[{"name":"wp","href":"https:\/\/api.w.org\/{rel}","templated":true}]}}