{"id":82796,"date":"2020-04-18T15:57:33","date_gmt":"2020-04-18T19:57:33","guid":{"rendered":"https:\/\/linitiative.ca\/International\/tunisie-fakhfakh-demain-a-la-tele-pour-donner-les-details-de-la-prolongation-du-confinement\/"},"modified":"2020-04-18T15:57:33","modified_gmt":"2020-04-18T19:57:33","slug":"tunisie-fakhfakh-demain-a-la-tele-pour-donner-les-details-de-la-prolongation-du-confinement","status":"publish","type":"post","link":"https:\/\/linitiative.ca\/International\/tunisie-fakhfakh-demain-a-la-tele-pour-donner-les-details-de-la-prolongation-du-confinement\/","title":{"rendered":"Tunisie \u2013 Fakhfakh demain \u00e0 la t\u00e9l\u00e9 pour donner les d\u00e9tails de la prolongation du confinement"},"content":{"rendered":"<div class=\"post-cont-in left relative\">\n<p>La pr\u00e9sidence du gouvernement a annonc\u00e9, ce samedi, que le chef du gouvernement, Elyes Fakhfekh, accordera, demain dimanche, un entretien t\u00e9l\u00e9vis\u00e9, o\u00f9 il donnera des pr\u00e9cisions sur la prolongation des mesures de confinement, ainsi que les mesures d\u2019accompagnement. Il r\u00e9pondra, par ailleurs aux attentes et question des citoyens.<\/p>\n<div class=\"code-block code-block-1 c3\"><ins class=\"adsbygoogle c2\" data-ad-layout=\"in-article\" data-ad-format=\"fluid\" data-ad-client=\"ca-pub-2102118777505746\" data-ad-slot=\"7301775417\"\/> <\/div>\n<p><img loading=\"lazy\" decoding=\"async\" class=\"aligncenter size-full wp-image-514522\" src=\"https:\/\/www.tunisienumerique.com\/wp-content\/uploads\/2020\/04\/fakh-3.jpg\" alt=\"\" width=\"673\" height=\"960\"\/><\/p>\n<div class=\"swp_social_panel swp_horizontal_panel swp_flat_fresh swp_default_full_color swp_individual_full_color swp_other_full_color scale-100 scale-\" data-min-width=\"1100\" data-float-color=\"#ffffff\" data-float=\"bottom\" data-float-mobile=\"bottom\" data-transition=\"slide\">\n<div class=\"nc_tweetContainer swp_share_button total_shares total_sharesalt\"><span class=\"swp_count\">1 <span class=\"swp_label\">Partages<\/span><\/span><\/div>\n<\/div>\n<p><strong>Que se passe-t-il en Tunisie?<\/strong><br \/>Nous expliquons sur notre <a href=\"https:\/\/www.youtube.com\/channel\/UCRzypVq0B_yBad5eGrwBx0Q?sub_confirmation=1\" target=\"_blank\" rel=\"noopener noreferrer\">cha\u00eene YouTube<\/a> . <a href=\"https:\/\/www.youtube.com\/channel\/UCRzypVq0B_yBad5eGrwBx0Q?sub_confirmation=1\" target=\"_blank\" rel=\"noopener noreferrer\">Abonnez-vous!<\/a><\/p>\n<div class=\"mvp-org-wrap mvp-org-logo\" itemprop=\"publisher\" itemscope=\"\" itemtype=\"https:\/\/schema.org\/Organization\"><img decoding=\"async\" src=\"https:\/\/www.tunisienumerique.com\/wp-content\/uploads\/2017\/02\/logo_tunisie_numerique.png\"\/><\/div>\n<div class=\"mvp-related-posts left relative\">\n<h4 class=\"post-header\"><span class=\"post-header\">Lire aussi<\/span><\/h4>\n<\/div>\n<div id=\"article-ad\"><ins class=\"adsbygoogle c4\" data-ad-client=\"ca-pub-2102118777505746\" data-ad-slot=\"6513972734\" data-ad-format=\"auto\" data-full-width-responsive=\"true\"\/> <\/div>\n<\/div>\n<div id=\"post-sidebar-wrap\"><ins class=\"adsbygoogle c4\" data-ad-client=\"ca-pub-2102118777505746\" data-ad-slot=\"6168283410\" data-ad-format=\"auto\" data-full-width-responsive=\"true\"\/> <\/div>\n<p>Auteur: LM<br \/>\n<a href=\"https:\/\/www.tunisienumerique.com\/tunisie-fakhfakh-demain-a-la-tele-pour-donner-les-details-de-la-prolongation-du-confinement\/\">Cliquez ici pour lire l&rsquo;article depuis sa source.<\/a><\/p>\n","protected":false},"excerpt":{"rendered":"<p>La pr\u00e9sidence du gouvernement a annonc\u00e9, ce samedi, que le chef du gouvernement, Elyes Fakhfekh, accordera, demain dimanche, un entretien t\u00e9l\u00e9vis\u00e9, o\u00f9 il donnera des pr\u00e9cisions sur la prolongation des mesures de confinement, ainsi que les mesures d\u2019accompagnement. Il r\u00e9pondra, par ailleurs aux attentes et question des citoyens. 1 Partages Que se passe-t-il en Tunisie?Nous [&hellip;]<\/p>\n","protected":false},"author":1789,"featured_media":0,"comment_status":"closed","ping_status":"closed","sticky":false,"template":"","format":"standard","meta":{"fifu_image_url":"","fifu_image_alt":"","footnotes":""},"categories":[73,55],"tags":[],"class_list":["post-82796","post","type-post","status-publish","format-standard","hentry","category-actualite","category-tunisie"],"_links":{"self":[{"href":"https:\/\/linitiative.ca\/International\/wp-json\/wp\/v2\/posts\/82796","targetHints":{"allow":["GET"]}}],"collection":[{"href":"https:\/\/linitiative.ca\/International\/wp-json\/wp\/v2\/posts"}],"about":[{"href":"https:\/\/linitiative.ca\/International\/wp-json\/wp\/v2\/types\/post"}],"author":[{"embeddable":true,"href":"https:\/\/linitiative.ca\/International\/wp-json\/wp\/v2\/users\/1789"}],"replies":[{"embeddable":true,"href":"https:\/\/linitiative.ca\/International\/wp-json\/wp\/v2\/comments?post=82796"}],"version-history":[{"count":0,"href":"https:\/\/linitiative.ca\/International\/wp-json\/wp\/v2\/posts\/82796\/revisions"}],"wp:attachment":[{"href":"https:\/\/linitiative.ca\/International\/wp-json\/wp\/v2\/media?parent=82796"}],"wp:term":[{"taxonomy":"category","embeddable":true,"href":"https:\/\/linitiative.ca\/International\/wp-json\/wp\/v2\/categories?post=82796"},{"taxonomy":"post_tag","embeddable":true,"href":"https:\/\/linitiative.ca\/International\/wp-json\/wp\/v2\/tags?post=82796"}],"curies":[{"name":"wp","href":"https:\/\/api.w.org\/{rel}","templated":true}]}}