{"id":82798,"date":"2020-04-18T05:41:05","date_gmt":"2020-04-18T09:41:05","guid":{"rendered":"https:\/\/linitiative.ca\/International\/covid-19-au-burkina-faso-11-nouveaux-cas-confirmes-37-guerisons-et-03-deces-a-la-date-du-16-avril-2020\/"},"modified":"2020-04-18T05:41:05","modified_gmt":"2020-04-18T09:41:05","slug":"covid-19-au-burkina-faso-11-nouveaux-cas-confirmes-37-guerisons-et-03-deces-a-la-date-du-16-avril-2020","status":"publish","type":"post","link":"https:\/\/linitiative.ca\/International\/covid-19-au-burkina-faso-11-nouveaux-cas-confirmes-37-guerisons-et-03-deces-a-la-date-du-16-avril-2020\/","title":{"rendered":"Covid 19 au Burkina Faso : 11 nouveaux cas confirmes, 37 guerisons et 03 deces, a la date du 16 avril 2020"},"content":{"rendered":"<div class=\"td-post-featured-image\"><a href=\"https:\/\/i1.wp.com\/www.sidwaya.info\/wp-content\/uploads\/2020\/04\/Ph-covid.jpg?fit=625%2C350&amp;ssl=1\" data-caption=\"\"><img loading=\"lazy\" decoding=\"async\" width=\"625\" height=\"350\" class=\"entry-thumb td-modal-image\" src=\"https:\/\/i1.wp.com\/www.sidwaya.info\/wp-content\/uploads\/2020\/04\/Ph-covid.jpg?resize=625%2C350&amp;ssl=1\" srcset=\"https:\/\/i1.wp.com\/www.sidwaya.info\/wp-content\/uploads\/2020\/04\/Ph-covid.jpg?w=625&amp;ssl=1 625w, https:\/\/i1.wp.com\/www.sidwaya.info\/wp-content\/uploads\/2020\/04\/Ph-covid.jpg?resize=300%2C168&amp;ssl=1 300w, https:\/\/i1.wp.com\/www.sidwaya.info\/wp-content\/uploads\/2020\/04\/Ph-covid.jpg?resize=600%2C336&amp;ssl=1 600w\" sizes=\"auto, (max-width: 625px) 100vw, 625px\" alt=\"\" title=\"Ph covid\"\/><\/a><\/div>\n<p>A la date du 16 avril 2020, la situation de la maladie \u00e0 Coronavirus au Burkina Faso se pr\u00e9sente comme suit :<\/p>\n<p>-94 \u00e9chantillons analys\u00e9s dont 48 cas suspects et 46 contr\u00f4les ;<\/p>\n<p>-11 nouveaux cas confirm\u00e9s dont 09 \u00e0 Ouagadougou, 01 \u00e0 Bobo-Dioulasso et 01 \u00e0 Boromo;<\/p>\n<p>-37 gu\u00e9risons, portant \u00e0 294, le total des gu\u00e9risons ;<\/p>\n<p>-03 d\u00e9c\u00e8s, portant \u00e0 35, le total des d\u00e9c\u00e8s ;<\/p>\n<p>-228 cas sous traitement.<\/p>\n<p>Au total, 557 cas ont \u00e9t\u00e9 confirm\u00e9s dont 216 femmes et 341 hommes, depuis le 09 mars 2020.<\/p>\n<p>Lire le communiqu\u00e9 du SIG<\/p>\n<div><img loading=\"lazy\" decoding=\"async\" class=\"alignleft size-full wp-image-21020\" src=\"https:\/\/i2.wp.com\/www.sidwaya.info\/wp-content\/uploads\/2020\/04\/Situation-covid-du-16-3.jpg?resize=696%2C985&amp;ssl=1\" alt=\"\" width=\"696\" height=\"985\" srcset=\"https:\/\/i2.wp.com\/www.sidwaya.info\/wp-content\/uploads\/2020\/04\/Situation-covid-du-16-3.jpg?w=1500&amp;ssl=1 1500w, https:\/\/i2.wp.com\/www.sidwaya.info\/wp-content\/uploads\/2020\/04\/Situation-covid-du-16-3.jpg?resize=212%2C300&amp;ssl=1 212w, https:\/\/i2.wp.com\/www.sidwaya.info\/wp-content\/uploads\/2020\/04\/Situation-covid-du-16-3.jpg?resize=724%2C1024&amp;ssl=1 724w, https:\/\/i2.wp.com\/www.sidwaya.info\/wp-content\/uploads\/2020\/04\/Situation-covid-du-16-3.jpg?resize=768%2C1086&amp;ssl=1 768w, https:\/\/i2.wp.com\/www.sidwaya.info\/wp-content\/uploads\/2020\/04\/Situation-covid-du-16-3.jpg?resize=1086%2C1536&amp;ssl=1 1086w, https:\/\/i2.wp.com\/www.sidwaya.info\/wp-content\/uploads\/2020\/04\/Situation-covid-du-16-3.jpg?resize=1448%2C2048&amp;ssl=1 1448w, https:\/\/i2.wp.com\/www.sidwaya.info\/wp-content\/uploads\/2020\/04\/Situation-covid-du-16-3.jpg?resize=696%2C985&amp;ssl=1 696w, https:\/\/i2.wp.com\/www.sidwaya.info\/wp-content\/uploads\/2020\/04\/Situation-covid-du-16-3.jpg?resize=1068%2C1511&amp;ssl=1 1068w, https:\/\/i2.wp.com\/www.sidwaya.info\/wp-content\/uploads\/2020\/04\/Situation-covid-du-16-3.jpg?resize=297%2C420&amp;ssl=1 297w, https:\/\/i2.wp.com\/www.sidwaya.info\/wp-content\/uploads\/2020\/04\/Situation-covid-du-16-3.jpg?resize=600%2C849&amp;ssl=1 600w, https:\/\/i2.wp.com\/www.sidwaya.info\/wp-content\/uploads\/2020\/04\/Situation-covid-du-16-3.jpg?w=1392&amp;ssl=1 1392w\" sizes=\"auto, (max-width: 696px) 100vw, 696px\" data-recalc-dims=\"1\"\/><\/div>\n<div class=\"td-a-rec td-a-rec-id-content_bottom tdi_30_2d1 td_block_template_1\"><img loading=\"lazy\" decoding=\"async\" class=\"aligncenter size-full wp-image-9623\" src=\"https:\/\/www.sidwaya.info\/wp-content\/uploads\/2019\/06\/Projet-bannie%CC%80re-Orange-mobile.jpg\" alt=\"\" width=\"728\" height=\"81\"\/><\/div>\n<p>Auteur: Wamini SIDWAYA<br \/>\n<a href=\"https:\/\/www.sidwaya.info\/blog\/2020\/04\/18\/covid-19-au-burkina-faso-situation-du-16-avril-2020\/\">Cliquez ici pour lire l&rsquo;article depuis sa source.<\/a><\/p>\n","protected":false},"excerpt":{"rendered":"<p>A la date du 16 avril 2020, la situation de la maladie \u00e0 Coronavirus au Burkina Faso se pr\u00e9sente comme suit : -94 \u00e9chantillons analys\u00e9s dont 48 cas suspects et 46 contr\u00f4les ; -11 nouveaux cas confirm\u00e9s dont 09 \u00e0 Ouagadougou, 01 \u00e0 Bobo-Dioulasso et 01 \u00e0 Boromo; -37 gu\u00e9risons, portant \u00e0 294, le total [&hellip;]<\/p>\n","protected":false},"author":1816,"featured_media":0,"comment_status":"closed","ping_status":"closed","sticky":false,"template":"","format":"standard","meta":{"fifu_image_url":"","fifu_image_alt":"","footnotes":""},"categories":[73,81],"tags":[],"class_list":["post-82798","post","type-post","status-publish","format-standard","hentry","category-actualite","category-burkina-faso"],"_links":{"self":[{"href":"https:\/\/linitiative.ca\/International\/wp-json\/wp\/v2\/posts\/82798","targetHints":{"allow":["GET"]}}],"collection":[{"href":"https:\/\/linitiative.ca\/International\/wp-json\/wp\/v2\/posts"}],"about":[{"href":"https:\/\/linitiative.ca\/International\/wp-json\/wp\/v2\/types\/post"}],"author":[{"embeddable":true,"href":"https:\/\/linitiative.ca\/International\/wp-json\/wp\/v2\/users\/1816"}],"replies":[{"embeddable":true,"href":"https:\/\/linitiative.ca\/International\/wp-json\/wp\/v2\/comments?post=82798"}],"version-history":[{"count":0,"href":"https:\/\/linitiative.ca\/International\/wp-json\/wp\/v2\/posts\/82798\/revisions"}],"wp:attachment":[{"href":"https:\/\/linitiative.ca\/International\/wp-json\/wp\/v2\/media?parent=82798"}],"wp:term":[{"taxonomy":"category","embeddable":true,"href":"https:\/\/linitiative.ca\/International\/wp-json\/wp\/v2\/categories?post=82798"},{"taxonomy":"post_tag","embeddable":true,"href":"https:\/\/linitiative.ca\/International\/wp-json\/wp\/v2\/tags?post=82798"}],"curies":[{"name":"wp","href":"https:\/\/api.w.org\/{rel}","templated":true}]}}