{"id":82799,"date":"2020-04-18T14:15:55","date_gmt":"2020-04-18T18:15:55","guid":{"rendered":"https:\/\/linitiative.ca\/International\/covid-19-au-burkina-faso-8-nouveaux-cas-confirmes-27-guerisons-et-1-deces-a-la-date-du-17-avril-2020\/"},"modified":"2020-04-18T14:15:55","modified_gmt":"2020-04-18T18:15:55","slug":"covid-19-au-burkina-faso-8-nouveaux-cas-confirmes-27-guerisons-et-1-deces-a-la-date-du-17-avril-2020","status":"publish","type":"post","link":"https:\/\/linitiative.ca\/International\/covid-19-au-burkina-faso-8-nouveaux-cas-confirmes-27-guerisons-et-1-deces-a-la-date-du-17-avril-2020\/","title":{"rendered":"Covid-19 au Burkina Faso: 8 nouveaux cas confirm\u00e9s, 27 gu\u00e9risons et 1 d\u00e9c\u00e8s \u00e0 la date du 17 avril 2020"},"content":{"rendered":"<div class=\"td-post-featured-image\"><a href=\"https:\/\/i0.wp.com\/www.sidwaya.info\/wp-content\/uploads\/2020\/04\/stop-covid19-sign-symbol-vector-260nw-1666725613.jpg?fit=462%2C341&amp;ssl=1\" data-caption=\"\"><img loading=\"lazy\" decoding=\"async\" width=\"462\" height=\"341\" class=\"entry-thumb td-modal-image\" src=\"https:\/\/i0.wp.com\/www.sidwaya.info\/wp-content\/uploads\/2020\/04\/stop-covid19-sign-symbol-vector-260nw-1666725613.jpg?resize=462%2C341&amp;ssl=1\" srcset=\"https:\/\/i0.wp.com\/www.sidwaya.info\/wp-content\/uploads\/2020\/04\/stop-covid19-sign-symbol-vector-260nw-1666725613.jpg?w=462&amp;ssl=1 462w, https:\/\/i0.wp.com\/www.sidwaya.info\/wp-content\/uploads\/2020\/04\/stop-covid19-sign-symbol-vector-260nw-1666725613.jpg?resize=300%2C221&amp;ssl=1 300w, https:\/\/i0.wp.com\/www.sidwaya.info\/wp-content\/uploads\/2020\/04\/stop-covid19-sign-symbol-vector-260nw-1666725613.jpg?resize=80%2C60&amp;ssl=1 80w\" sizes=\"auto, (max-width: 462px) 100vw, 462px\" alt=\"\" title=\"stop-covid19-sign-symbol-vector-260nw-1666725613\"\/><\/a><\/div>\n<p>A la date du 17 avril 2020, la situation de la maladie \u00e0 Coronavirus au Burkina Faso se pr\u00e9sente comme suit :<\/p>\n<p>-85 \u00e9chantillons analys\u00e9s dont 47 cas suspects et 38 contr\u00f4les ;<\/p>\n<p>-08 nouveaux cas confirm\u00e9s dont 03 \u00e0 Ouagadougou, 04 \u00e0 Gorom-Gorom (Essakane) et 01 \u00e0 D\u00e9dougou ;<\/p>\n<p>-27 gu\u00e9risons, portant \u00e0 321, le total des gu\u00e9risons ;<\/p>\n<p>-01 d\u00e9c\u00e8s, portant \u00e0 36, le total des d\u00e9c\u00e8s ;<\/p>\n<p>-208 cas sous traitement.<\/p>\n<p>Au total, 565 cas ont \u00e9t\u00e9 confirm\u00e9s dont 218 femmes et 347 hommes, depuis le 09 mars 2020.<\/p>\n<p>Communiqu\u00e9 du SIG<\/p>\n<div><img loading=\"lazy\" decoding=\"async\" class=\"alignleft size-full wp-image-21026\" src=\"https:\/\/i0.wp.com\/www.sidwaya.info\/wp-content\/uploads\/2020\/04\/17avril.jpg?resize=696%2C913&amp;ssl=1\" alt=\"\" width=\"696\" height=\"913\" srcset=\"https:\/\/i0.wp.com\/www.sidwaya.info\/wp-content\/uploads\/2020\/04\/17avril.jpg?w=720&amp;ssl=1 720w, https:\/\/i0.wp.com\/www.sidwaya.info\/wp-content\/uploads\/2020\/04\/17avril.jpg?resize=229%2C300&amp;ssl=1 229w, https:\/\/i0.wp.com\/www.sidwaya.info\/wp-content\/uploads\/2020\/04\/17avril.jpg?resize=696%2C913&amp;ssl=1 696w, https:\/\/i0.wp.com\/www.sidwaya.info\/wp-content\/uploads\/2020\/04\/17avril.jpg?resize=320%2C420&amp;ssl=1 320w, https:\/\/i0.wp.com\/www.sidwaya.info\/wp-content\/uploads\/2020\/04\/17avril.jpg?resize=600%2C787&amp;ssl=1 600w\" sizes=\"auto, (max-width: 696px) 100vw, 696px\" data-recalc-dims=\"1\"\/><\/div>\n<div class=\"td-a-rec td-a-rec-id-content_bottom tdi_30_7c5 td_block_template_1\"><img loading=\"lazy\" decoding=\"async\" class=\"aligncenter size-full wp-image-9623\" src=\"https:\/\/www.sidwaya.info\/wp-content\/uploads\/2019\/06\/Projet-bannie%CC%80re-Orange-mobile.jpg\" alt=\"\" width=\"728\" height=\"81\"\/><\/div>\n<p>Auteur: BS. Sidwaya<br \/>\n<a href=\"https:\/\/www.sidwaya.info\/blog\/2020\/04\/18\/covid-19-au-burkina-faso-8-nouveaux-cas-confirmes-27-guerisons-et-1-deces-a-la-date-du-17-avril-2020\/\">Cliquez ici pour lire l&rsquo;article depuis sa source.<\/a><\/p>\n","protected":false},"excerpt":{"rendered":"<p>A la date du 17 avril 2020, la situation de la maladie \u00e0 Coronavirus au Burkina Faso se pr\u00e9sente comme suit : -85 \u00e9chantillons analys\u00e9s dont 47 cas suspects et 38 contr\u00f4les ; -08 nouveaux cas confirm\u00e9s dont 03 \u00e0 Ouagadougou, 04 \u00e0 Gorom-Gorom (Essakane) et 01 \u00e0 D\u00e9dougou ; -27 gu\u00e9risons, portant \u00e0 321, [&hellip;]<\/p>\n","protected":false},"author":1816,"featured_media":0,"comment_status":"closed","ping_status":"closed","sticky":false,"template":"","format":"standard","meta":{"fifu_image_url":"","fifu_image_alt":"","footnotes":""},"categories":[73,81],"tags":[],"class_list":["post-82799","post","type-post","status-publish","format-standard","hentry","category-actualite","category-burkina-faso"],"_links":{"self":[{"href":"https:\/\/linitiative.ca\/International\/wp-json\/wp\/v2\/posts\/82799","targetHints":{"allow":["GET"]}}],"collection":[{"href":"https:\/\/linitiative.ca\/International\/wp-json\/wp\/v2\/posts"}],"about":[{"href":"https:\/\/linitiative.ca\/International\/wp-json\/wp\/v2\/types\/post"}],"author":[{"embeddable":true,"href":"https:\/\/linitiative.ca\/International\/wp-json\/wp\/v2\/users\/1816"}],"replies":[{"embeddable":true,"href":"https:\/\/linitiative.ca\/International\/wp-json\/wp\/v2\/comments?post=82799"}],"version-history":[{"count":0,"href":"https:\/\/linitiative.ca\/International\/wp-json\/wp\/v2\/posts\/82799\/revisions"}],"wp:attachment":[{"href":"https:\/\/linitiative.ca\/International\/wp-json\/wp\/v2\/media?parent=82799"}],"wp:term":[{"taxonomy":"category","embeddable":true,"href":"https:\/\/linitiative.ca\/International\/wp-json\/wp\/v2\/categories?post=82799"},{"taxonomy":"post_tag","embeddable":true,"href":"https:\/\/linitiative.ca\/International\/wp-json\/wp\/v2\/tags?post=82799"}],"curies":[{"name":"wp","href":"https:\/\/api.w.org\/{rel}","templated":true}]}}