{"id":82800,"date":"2020-04-18T14:39:14","date_gmt":"2020-04-18T18:39:14","guid":{"rendered":"https:\/\/linitiative.ca\/International\/deces-de-sinare-ousmane-ouilma-faire-part\/"},"modified":"2020-04-18T14:39:14","modified_gmt":"2020-04-18T18:39:14","slug":"deces-de-sinare-ousmane-ouilma-faire-part","status":"publish","type":"post","link":"https:\/\/linitiative.ca\/International\/deces-de-sinare-ousmane-ouilma-faire-part\/","title":{"rendered":"D\u00e9c\u00e8s de SINARE\u00a0 Ousmane  OUILMA: Faire part"},"content":{"rendered":"<div class=\"td-post-featured-image\"><a href=\"https:\/\/i2.wp.com\/www.sidwaya.info\/wp-content\/uploads\/2020\/04\/peresinare.png?fit=900%2C931&amp;ssl=1\" data-caption=\"\"><img loading=\"lazy\" decoding=\"async\" width=\"696\" height=\"720\" class=\"entry-thumb td-modal-image\" src=\"https:\/\/i2.wp.com\/www.sidwaya.info\/wp-content\/uploads\/2020\/04\/peresinare.png?resize=696%2C720&amp;ssl=1\" srcset=\"https:\/\/i2.wp.com\/www.sidwaya.info\/wp-content\/uploads\/2020\/04\/peresinare.png?w=900&amp;ssl=1 900w, https:\/\/i2.wp.com\/www.sidwaya.info\/wp-content\/uploads\/2020\/04\/peresinare.png?resize=290%2C300&amp;ssl=1 290w, https:\/\/i2.wp.com\/www.sidwaya.info\/wp-content\/uploads\/2020\/04\/peresinare.png?resize=768%2C794&amp;ssl=1 768w, https:\/\/i2.wp.com\/www.sidwaya.info\/wp-content\/uploads\/2020\/04\/peresinare.png?resize=696%2C720&amp;ssl=1 696w, https:\/\/i2.wp.com\/www.sidwaya.info\/wp-content\/uploads\/2020\/04\/peresinare.png?resize=406%2C420&amp;ssl=1 406w, https:\/\/i2.wp.com\/www.sidwaya.info\/wp-content\/uploads\/2020\/04\/peresinare.png?resize=600%2C621&amp;ssl=1 600w\" sizes=\"auto, (max-width: 696px) 100vw, 696px\" alt=\"\" title=\"peresinare\"\/><\/a><\/div>\n<p><strong>\u00ab Nul ne dispara\u00eet lorsque son souvenir demeure ancr\u00e9 dans nos c\u0153urs \u00bb.<\/strong><\/p>\n<p>La\u00a0 grande\u00a0 famille\u00a0 <strong>SINARE\u00a0 OUILMA<\/strong>\u00a0 \u00e0 Ouagadougou,\u00a0 Koudougou,\u00a0 Zitenga,\u00a0 L\u00e9o,<\/p>\n<p>Gaoua, Solenzo, Bobo-Dioulasso, Kaya et \u00e0 l\u2019\u00e9tranger,<\/p>\n<p>Les familles\u00a0 DIALLO, WASSONGMA,\u00a0 SANFO,\u00a0 KOANDA \u00e0\u00a0 Ouagadougou, Zitenga,<\/p>\n<p>Barkoundouba, Bobo-Dioulasso et \u00e0 l\u2019\u00e9tranger,<\/p>\n<p>Monsieur SINARE Ablass\u00e9 Ouilma \u00e0 Koudougou ;<\/p>\n<p>La veuve <strong>Madame SINARE OUILMA n\u00e9e KOANDA Bibata<\/strong> ;<\/p>\n<p><strong>Les enfants : Abdramane, Fatimata, Za\u00efnabou et Kadidiatou ;<\/strong><\/p>\n<p>Les\u00a0 petits\u00a0 enfants :\u00a0 Imane,\u00a0 Darya,\u00a0 Taquia,\u00a0 Houriya,\u00a0 Firdaws,\u00a0 Yasmine,\u00a0 Abdoul<\/p>\n<p>Nael, Noura, Abiba et Ousmane Abdel Jalil ;<\/p>\n<p>Les\u00a0 familles\u00a0 alli\u00e9es :\u00a0 KOANDA, NACRO, YONI,\u00a0 M\u2019BARA,\u00a0 BOLLY, DICKO, SANA,<\/p>\n<p>PACERE,\u00a0 KABORE,\u00a0 OUEDRAOGO, COMPAORE, DERRA,\u00a0 KONSIEMBO,\u00a0 ZABA,<\/p>\n<p>SODRE,\u00a0 TIENDREBEOGO,\u00a0 DIAKITE,\u00a0 NANEMA,\u00a0 POUSSI,\u00a0 NACOULMA,\u00a0 BOGORE,<\/p>\n<p>KAFANDO,<\/p>\n<p>Ont\u00a0 la\u00a0 profonde\u00a0 douleur\u00a0 de\u00a0 vous\u00a0 annoncer\u00a0 le\u00a0 d\u00e9c\u00e8s\u00a0 de\u00a0 leur\u00a0 fr\u00e8re,\u00a0 \u00e9poux,\u00a0 p\u00e8re,<\/p>\n<p>oncle,\u00a0 beau-p\u00e8re,\u00a0 grand-p\u00e8re\u00a0 et\u00a0 arri\u00e8re-grand-p\u00e8re\u00a0 <strong>SINARE\u00a0 Ousmane<\/strong><\/p>\n<p><strong>OUILMA, pr\u00e9c\u00e9demment Conseiller P\u00e9dagogique itin\u00e9rant \u00e0 la retraite,<\/strong> Chevalier<\/p>\n<p>de l\u2019Ordre National, le jeudi 16 avril 2020 \u00e0 son domicile, \u00e0 l\u2019\u00e2ge de 82 ans.<\/p>\n<p>L\u2019enterrement a eu lieu le m\u00eame jour au cimeti\u00e8re de Borgo.<\/p>\n<p>Elles\u00a0 remercient\u00a0 du\u00a0 fond\u00a0 du\u00a0 c\u0153ur, tous ceux\u00a0 qui\u00a0 de\u00a0 pr\u00e8s\u00a0 ou\u00a0 de\u00a0 loin\u00a0 les\u00a0 ont assist\u00e9s\u00a0 moralement,\u00a0 mat\u00e9riellement\u00a0 et\u00a0 financi\u00e8rement\u00a0 lors\u00a0 de\u00a0 cette\u00a0 dure<\/p>\n<p>\u00e9preuve.\u00a0 Puisse\u00a0 Allah\u00a0 le\u00a0 mis\u00e9ricordieux\u00a0 rende\u00a0 \u00e0\u00a0 chacun,\u00a0 le\u00a0 centuple\u00a0 de leurs<\/p>\n<p>bienfaits.<\/p>\n<p><strong>UNION DE PRIERE.<\/strong><\/p>\n<div class=\"td-a-rec td-a-rec-id-content_bottom tdi_30_e54 td_block_template_1\"><img loading=\"lazy\" decoding=\"async\" class=\"aligncenter size-full wp-image-9623\" src=\"https:\/\/www.sidwaya.info\/wp-content\/uploads\/2019\/06\/Projet-bannie%CC%80re-Orange-mobile.jpg\" alt=\"\" width=\"728\" height=\"81\"\/><\/div>\n<p>Auteur: BS. Sidwaya<br \/>\n<a href=\"https:\/\/www.sidwaya.info\/blog\/2020\/04\/18\/deces-de-sinare-ousmane-ouilma-faire-part\/\">Cliquez ici pour lire l&rsquo;article depuis sa source.<\/a><\/p>\n","protected":false},"excerpt":{"rendered":"<p>\u00ab Nul ne dispara\u00eet lorsque son souvenir demeure ancr\u00e9 dans nos c\u0153urs \u00bb. La\u00a0 grande\u00a0 famille\u00a0 SINARE\u00a0 OUILMA\u00a0 \u00e0 Ouagadougou,\u00a0 Koudougou,\u00a0 Zitenga,\u00a0 L\u00e9o, Gaoua, Solenzo, Bobo-Dioulasso, Kaya et \u00e0 l\u2019\u00e9tranger, Les familles\u00a0 DIALLO, WASSONGMA,\u00a0 SANFO,\u00a0 KOANDA \u00e0\u00a0 Ouagadougou, Zitenga, Barkoundouba, Bobo-Dioulasso et \u00e0 l\u2019\u00e9tranger, Monsieur SINARE Ablass\u00e9 Ouilma \u00e0 Koudougou ; La veuve Madame SINARE [&hellip;]<\/p>\n","protected":false},"author":1816,"featured_media":0,"comment_status":"closed","ping_status":"closed","sticky":false,"template":"","format":"standard","meta":{"fifu_image_url":"","fifu_image_alt":"","footnotes":""},"categories":[73,81],"tags":[],"class_list":["post-82800","post","type-post","status-publish","format-standard","hentry","category-actualite","category-burkina-faso"],"_links":{"self":[{"href":"https:\/\/linitiative.ca\/International\/wp-json\/wp\/v2\/posts\/82800","targetHints":{"allow":["GET"]}}],"collection":[{"href":"https:\/\/linitiative.ca\/International\/wp-json\/wp\/v2\/posts"}],"about":[{"href":"https:\/\/linitiative.ca\/International\/wp-json\/wp\/v2\/types\/post"}],"author":[{"embeddable":true,"href":"https:\/\/linitiative.ca\/International\/wp-json\/wp\/v2\/users\/1816"}],"replies":[{"embeddable":true,"href":"https:\/\/linitiative.ca\/International\/wp-json\/wp\/v2\/comments?post=82800"}],"version-history":[{"count":0,"href":"https:\/\/linitiative.ca\/International\/wp-json\/wp\/v2\/posts\/82800\/revisions"}],"wp:attachment":[{"href":"https:\/\/linitiative.ca\/International\/wp-json\/wp\/v2\/media?parent=82800"}],"wp:term":[{"taxonomy":"category","embeddable":true,"href":"https:\/\/linitiative.ca\/International\/wp-json\/wp\/v2\/categories?post=82800"},{"taxonomy":"post_tag","embeddable":true,"href":"https:\/\/linitiative.ca\/International\/wp-json\/wp\/v2\/tags?post=82800"}],"curies":[{"name":"wp","href":"https:\/\/api.w.org\/{rel}","templated":true}]}}