{"id":82801,"date":"2020-04-18T15:50:05","date_gmt":"2020-04-18T19:50:05","guid":{"rendered":"https:\/\/linitiative.ca\/International\/coronavirus-alger-et-rabat-prolongent-les-mesures-de-confinement\/"},"modified":"2020-04-18T15:50:05","modified_gmt":"2020-04-18T19:50:05","slug":"coronavirus-alger-et-rabat-prolongent-les-mesures-de-confinement","status":"publish","type":"post","link":"https:\/\/linitiative.ca\/International\/coronavirus-alger-et-rabat-prolongent-les-mesures-de-confinement\/","title":{"rendered":"Coronavirus: Alger et Rabat prolongent les mesures de confinement"},"content":{"rendered":"<div readability=\"32\">\n<p>Publi\u00e9 le 18.04.2020 \u00e0 20h50 par AFP<\/p>\n<\/div>\n<div readability=\"112\">\n<p>Les autorit\u00e9s alg\u00e9riennes et marocaines ont annonc\u00e9 samedi la prolongation des mesures de confinement mises en place pour freiner la propagation de l\u2019\u00e9pid\u00e9mie de Covid-19, respectivement jusqu\u2019au 29 avril et jusqu\u2019au 20 mai.<\/p>\n<p>A Alger, le Premier Ministre Abdelaziz Djerad a \u00ab\u00a0reconduit pour une p\u00e9riode suppl\u00e9mentaire de dix jours, jusqu\u2019au 29 avril, le dispositif de confinement ainsi que l\u2019ensemble des mesures pr\u00e9ventives\u00a0\u00bb, selon un communiqu\u00e9 officiel.<\/p>\n<p>Il a soulign\u00e9 \u00ab\u00a0la n\u00e9cessit\u00e9 de respecter les r\u00e8gles pr\u00e9ventives \u00e9dict\u00e9es en mati\u00e8re de confinement, de distanciation sociale et de mesures d\u2019hygi\u00e8ne (\u2026)\u00a0\u00bb et mis en garde contre leur non-respect.<\/p>\n<p>Un confinement total a \u00e9t\u00e9 impos\u00e9 dans la wilaya (pr\u00e9fecture) de Blida, pr\u00e8s d\u2019Alger, premier foyer de la pand\u00e9mie en Alg\u00e9rie. Un confinement partiel, accompagn\u00e9 d\u2019un couvre-feu, l\u2019a \u00e9t\u00e9 dans les 47 autres wilayas du pays.<\/p>\n<p>Selon des chiffres officiels, 367 d\u00e9c\u00e8s ont \u00e9t\u00e9 recens\u00e9s jusque-l\u00e0 en Alg\u00e9rie. Au total 2.534 cas ont \u00e9t\u00e9 officiellement d\u00e9clar\u00e9s.<\/p>\n<p>L\u2019Alg\u00e9rie (44 millions d\u2019habitants) est le pays d\u2019Afrique qui d\u00e9plore le plus grand nombre de d\u00e9c\u00e8s devant l\u2019Egypte, le Maroc et l\u2019Afrique du Sud.<\/p>\n<p>A Rabat, les autorit\u00e9s ont annonc\u00e9 la prolongation jusqu\u2019au 20 mai de \u00ab\u00a0toutes les mesures de pr\u00e9caution et de restriction (\u2026) de l\u2019\u00e9tat d\u2019urgence sanitaire\u00a0\u00bb.<\/p>\n<p>Selon un communiqu\u00e9 des minist\u00e8res de l\u2019Int\u00e9rieur et de la Sant\u00e9, \u00ab\u00a0les services comp\u00e9tents continueront de garantir une offre suffisante r\u00e9pondant aux besoins de consommation (\u2026), y compris les besoins du ramadan\u00a0\u00bb, le mois de je\u00fbne musulman pr\u00e9vu \u00e0 partir du 24 avril au Maroc.<\/p>\n<p>Au Maroc, 2.670 cas de contamination ont \u00e9t\u00e9 enregistr\u00e9s officiellement, dont 137 d\u00e9c\u00e8s. Mais \u00e0 peine 13.000 tests ont \u00e9t\u00e9 men\u00e9s dans ce pays de 35 millions d\u2019habitants.<\/p>\n<p>Les autorit\u00e9s ont impos\u00e9 des mesures de confinement, sous contr\u00f4le \u00e9troit des forces de l\u2019ordre, apr\u00e8s avoir suspendu les liaisons a\u00e9riennes et verrouill\u00e9 les fronti\u00e8res.<\/p>\n<p>Le port du masque est obligatoire, sous peine de sanctions.<\/p>\n<p>Des aides directes ont \u00e9t\u00e9 mises en place pour les entreprises, salari\u00e9s et travailleurs au noir affect\u00e9s.<\/p>\n<p>Selon la presse locale, des foyers de contagion ont \u00e9t\u00e9 rep\u00e9r\u00e9s dans une usine \u00e0 Casablanca (ouest) et une base militaire pr\u00e8s de Marrakech (sud).<\/p>\n<p>Depuis l\u2019apparition de la pand\u00e9mie, plus de 41.000 personnes ont \u00e9t\u00e9 interpell\u00e9es et plus de la moiti\u00e9 d\u00e9f\u00e9r\u00e9es devant les parquets comp\u00e9tents pour non-respect des mesures d\u2019exception, selon un bilan officiel.<\/p>\n<p>Des dizaines de personnes accus\u00e9es de diffuser des fausses informations li\u00e9es au nouveau coronavirus sur les r\u00e9seaux sociaux ont \u00e9t\u00e9 interpell\u00e9es. Vendredi, une femme a \u00e9t\u00e9 condamn\u00e9e \u00e0 un an de prison ferme pour avoir ni\u00e9 l\u2019existence de la maladie dans une vid\u00e9o sur YouTube.<\/p>\n<p>Autre pays d\u2019Afrique du nord, la Tunisie a annonc\u00e9 son intention de prolonger le confinement g\u00e9n\u00e9ral au del\u00e0 du 19 avril, mais sans pr\u00e9ciser jusqu\u2019\u00e0 quand.<\/p>\n<\/div>\n<p>Auteur: AFP<br \/>\n<a href=\"https:\/\/www.journalducameroun.com\/coronavirus-alger-et-rabat-prolongent-les-mesures-de-confinement\/\">Cliquez ici pour lire l&rsquo;article depuis sa source.<\/a><\/p>\n","protected":false},"excerpt":{"rendered":"<p>Publi\u00e9 le 18.04.2020 \u00e0 20h50 par AFP Les autorit\u00e9s alg\u00e9riennes et marocaines ont annonc\u00e9 samedi la prolongation des mesures de confinement mises en place pour freiner la propagation de l\u2019\u00e9pid\u00e9mie de Covid-19, respectivement jusqu\u2019au 29 avril et jusqu\u2019au 20 mai. A Alger, le Premier Ministre Abdelaziz Djerad a \u00ab\u00a0reconduit pour une p\u00e9riode suppl\u00e9mentaire de dix [&hellip;]<\/p>\n","protected":false},"author":1965,"featured_media":0,"comment_status":"closed","ping_status":"closed","sticky":false,"template":"","format":"standard","meta":{"fifu_image_url":"","fifu_image_alt":"","footnotes":""},"categories":[73,82],"tags":[],"class_list":["post-82801","post","type-post","status-publish","format-standard","hentry","category-actualite","category-cameroun"],"_links":{"self":[{"href":"https:\/\/linitiative.ca\/International\/wp-json\/wp\/v2\/posts\/82801","targetHints":{"allow":["GET"]}}],"collection":[{"href":"https:\/\/linitiative.ca\/International\/wp-json\/wp\/v2\/posts"}],"about":[{"href":"https:\/\/linitiative.ca\/International\/wp-json\/wp\/v2\/types\/post"}],"author":[{"embeddable":true,"href":"https:\/\/linitiative.ca\/International\/wp-json\/wp\/v2\/users\/1965"}],"replies":[{"embeddable":true,"href":"https:\/\/linitiative.ca\/International\/wp-json\/wp\/v2\/comments?post=82801"}],"version-history":[{"count":0,"href":"https:\/\/linitiative.ca\/International\/wp-json\/wp\/v2\/posts\/82801\/revisions"}],"wp:attachment":[{"href":"https:\/\/linitiative.ca\/International\/wp-json\/wp\/v2\/media?parent=82801"}],"wp:term":[{"taxonomy":"category","embeddable":true,"href":"https:\/\/linitiative.ca\/International\/wp-json\/wp\/v2\/categories?post=82801"},{"taxonomy":"post_tag","embeddable":true,"href":"https:\/\/linitiative.ca\/International\/wp-json\/wp\/v2\/tags?post=82801"}],"curies":[{"name":"wp","href":"https:\/\/api.w.org\/{rel}","templated":true}]}}