{"id":82802,"date":"2020-04-18T16:18:04","date_gmt":"2020-04-18T20:18:04","guid":{"rendered":"https:\/\/linitiative.ca\/International\/maroc-covid-19-prolongation-de-letat-durgence-sanitaire-jusquau-20-mai\/"},"modified":"2020-04-18T16:18:04","modified_gmt":"2020-04-18T20:18:04","slug":"maroc-covid-19-prolongation-de-letat-durgence-sanitaire-jusquau-20-mai","status":"publish","type":"post","link":"https:\/\/linitiative.ca\/International\/maroc-covid-19-prolongation-de-letat-durgence-sanitaire-jusquau-20-mai\/","title":{"rendered":"Maroc\/ Covid-19 : Prolongation de l\u2019\u00e9tat d\u2019urgence sanitaire jusqu\u2019au 20 mai"},"content":{"rendered":"<div readability=\"32\">\n<p>Publi\u00e9 le 18.04.2020 \u00e0 21h18 par APA News<\/p>\n<\/div>\n<div readability=\"71\">\n<p>Le Maroc a d\u00e9cid\u00e9 de proroger l\u2019\u00e9tat d\u2019urgence sanitaire pour un mois suppl\u00e9mentaire jusqu\u2019au 20 mai 2020, selon un communiqu\u00e9 conjoint des minist\u00e8res de l\u2019Int\u00e9rieur et de la Sant\u00e9.Selon le communiqu\u00e9, publi\u00e9 \u00e0 l\u2019issue d\u2019un conseil de gouvernement extraordinaire tenu ce samedi, la prolongation de l\u2019\u00e9tat d\u2019urgence sanitaire s\u2019inscrit dans le sillage du renforcement des mesures pr\u00e9ventives pour lutter contre la propagation du nouveau coronavirus et prenant en consid\u00e9ration la situation \u00e9pid\u00e9miologique du royaume.<\/p>\n<p>Toutes les mesures de pr\u00e9caution et de r\u00e9pression, de la premi\u00e8re \u00e9tape de l\u2019\u00e9tat d\u2019urgence sanitaire, restent toujours en vigueur lors de cette p\u00e9riode suppl\u00e9mentaire tout en les adaptant chaque fois qu\u2019il est n\u00e9cessaire et ce pour la protection de la sant\u00e9 des citoyennes et citoyens, pr\u00e9cise la m\u00eame source.<\/p>\n<p>A l\u2019instar de la p\u00e9riode pr\u00e9c\u00e9dente, les services comp\u00e9tents poursuivront leurs actions pour garantir une offre suffisante r\u00e9pondant aux besoins de consommation des familles en produits alimentaires, m\u00e9dicaments et tous les produits n\u00e9cessaires, y compris les besoins du mois sacr\u00e9 du ramadan, avec la mobilisation de tous les services pour assurer le contr\u00f4le et le suivi r\u00e9guliers de l\u2019\u00e9tat des espaces commerciaux et l\u2019efficience des circuits de distribution.<\/p>\n<p>Dans le cadre du renforcement des efforts nationaux d\u00e9ploy\u00e9s, les autorit\u00e9s publiques appellent toute citoyenne et tout citoyen \u00e0 la n\u00e9cessit\u00e9 du strict respect des exigences de cette p\u00e9riode d\u00e9licate et \u00e0 s\u2019engager efficacement \u00e0 la mise en oeuvre des mesures pr\u00e9ventives prises.<\/p>\n<p>La prolongation du confinement s\u2019explique par l\u2019\u00e9volution de la situation \u00e9pid\u00e9miologique au Maroc. Ces deux derniers jours, la propagation du virus s\u2019est acc\u00e9l\u00e9r\u00e9e avec plus de 450 nouvelles contaminations. Une situation attribuable aux contaminations familiales ainsi que l\u2019apparition de foyers dans les unit\u00e9s industrielles et commerciales notamment \u00e0 Casablanca, F\u00e8s et Tanger.<\/p>\n<p>Pour rappel, l\u2019\u00e9tat d\u2019urgence sanitaire est entr\u00e9 en vigueur le 20 mars 2020 \u00e0 18H et devait prendre fin le 20 avril.<\/p>\n<\/div>\n<p>Auteur: APA News<br \/>\n<a href=\"https:\/\/www.journalducameroun.com\/maroc-covid-19-prolongation-de-letat-durgence-sanitaire-jusquau-20-mai\/\">Cliquez ici pour lire l&rsquo;article depuis sa source.<\/a><\/p>\n","protected":false},"excerpt":{"rendered":"<p>Publi\u00e9 le 18.04.2020 \u00e0 21h18 par APA News Le Maroc a d\u00e9cid\u00e9 de proroger l\u2019\u00e9tat d\u2019urgence sanitaire pour un mois suppl\u00e9mentaire jusqu\u2019au 20 mai 2020, selon un communiqu\u00e9 conjoint des minist\u00e8res de l\u2019Int\u00e9rieur et de la Sant\u00e9.Selon le communiqu\u00e9, publi\u00e9 \u00e0 l\u2019issue d\u2019un conseil de gouvernement extraordinaire tenu ce samedi, la prolongation de l\u2019\u00e9tat d\u2019urgence [&hellip;]<\/p>\n","protected":false},"author":1965,"featured_media":0,"comment_status":"closed","ping_status":"closed","sticky":false,"template":"","format":"standard","meta":{"fifu_image_url":"","fifu_image_alt":"","footnotes":""},"categories":[73,82],"tags":[],"class_list":["post-82802","post","type-post","status-publish","format-standard","hentry","category-actualite","category-cameroun"],"_links":{"self":[{"href":"https:\/\/linitiative.ca\/International\/wp-json\/wp\/v2\/posts\/82802","targetHints":{"allow":["GET"]}}],"collection":[{"href":"https:\/\/linitiative.ca\/International\/wp-json\/wp\/v2\/posts"}],"about":[{"href":"https:\/\/linitiative.ca\/International\/wp-json\/wp\/v2\/types\/post"}],"author":[{"embeddable":true,"href":"https:\/\/linitiative.ca\/International\/wp-json\/wp\/v2\/users\/1965"}],"replies":[{"embeddable":true,"href":"https:\/\/linitiative.ca\/International\/wp-json\/wp\/v2\/comments?post=82802"}],"version-history":[{"count":0,"href":"https:\/\/linitiative.ca\/International\/wp-json\/wp\/v2\/posts\/82802\/revisions"}],"wp:attachment":[{"href":"https:\/\/linitiative.ca\/International\/wp-json\/wp\/v2\/media?parent=82802"}],"wp:term":[{"taxonomy":"category","embeddable":true,"href":"https:\/\/linitiative.ca\/International\/wp-json\/wp\/v2\/categories?post=82802"},{"taxonomy":"post_tag","embeddable":true,"href":"https:\/\/linitiative.ca\/International\/wp-json\/wp\/v2\/tags?post=82802"}],"curies":[{"name":"wp","href":"https:\/\/api.w.org\/{rel}","templated":true}]}}