{"id":82804,"date":"2020-04-18T16:57:08","date_gmt":"2020-04-18T20:57:08","guid":{"rendered":"https:\/\/linitiative.ca\/International\/cameroun-1er-cas-de-covid-19-dans-la-region-du-nord\/"},"modified":"2020-04-18T16:57:08","modified_gmt":"2020-04-18T20:57:08","slug":"cameroun-1er-cas-de-covid-19-dans-la-region-du-nord","status":"publish","type":"post","link":"https:\/\/linitiative.ca\/International\/cameroun-1er-cas-de-covid-19-dans-la-region-du-nord\/","title":{"rendered":"Cameroun : 1er cas de Covid-19 dans la r\u00e9gion du Nord"},"content":{"rendered":"<div readability=\"32\">\n<p>Publi\u00e9 le 18.04.2020 \u00e0 21h57 par Christian Djimadeu<\/p>\n<\/div>\n<div readability=\"60\">\n<h2 class=\"c4\">Il s\u2019agit du procureur de la R\u00e9publique pr\u00e8s les tribunaux de Guider, dans le \u00a0d\u00e9partement du Mavo-Louti.<\/h2>\n<p class=\"c5\">Ibrahima Abba, procureur de de la R\u00e9publique pr\u00e8s les tribunaux de Guider, a \u00e9t\u00e9 d\u00e9tect\u00e9 positif au <strong>Covid-19<\/strong>. \u00ab\u00a0<em>Le Gouverneur de la R\u00e9gion du Nord. Pr\u00e9sident R\u00e9gional du syst\u00e8me \u00a0de Gestion des Incidents pour la coordination de la r\u00e9ponse sanitaire a la pand\u00e9mie du COVID-19 au Cameroun, porte \u00e0 la connaissance du grand public, que la R\u00e9gion du Nord a enregistr\u00e9 ce jour. 18 avril 2020, son premier cas confirm\u00e9 de Coronavirus (Covid-19)<\/em>\u00a0\u00bb, communique le patron de la r\u00e9gion<\/p>\n<p class=\"c5\"><strong>Jean Abate Edi\u2019i<\/strong> indique que\u00a0 les Equipes d\u2019intervention rapide (EIR), sont \u00e0 pied d\u2019\u0153uvre pour la prise en charge de ce cas. Aux populations, il rappelle \u00ab\u00a0<em>l\u2019urgence de respecter scrupuleusement les 20 mesures gouvernementales \u00e9dict\u00e9es par le Chef de l\u2019Etat, pour barrer la voie \u00e0 la propagation du Coronavirus\u00a0<\/em>\u00bb.<\/p>\n<p class=\"c5\">La <strong>r\u00e9gion du Nord<\/strong> est la deuxi\u00e8me du septentrion \u00e0 \u00eatre touch\u00e9e apr\u00e8s celle de l\u2019Adamaoua. Dans le septentrion, seul l\u2019Extr\u00eame-Nord, officiellement r\u00e9gion la plus peupl\u00e9e du pays, n\u2019a pas encore de cas d\u00e9clar\u00e9.<\/p>\n<p class=\"c5\">Le Cameroun compte \u00e0 ce jour un millier de personnes infect\u00e9es, 260 gu\u00e9ris et 24 d\u00e9c\u00e8s de Covid-19.<\/p>\n<\/div>\n<p>Auteur: Christian DJIMADEU<br \/>\n<a href=\"https:\/\/www.journalducameroun.com\/cameroun-14-cameroun\/\">Cliquez ici pour lire l&rsquo;article depuis sa source.<\/a><\/p>\n","protected":false},"excerpt":{"rendered":"<p>Publi\u00e9 le 18.04.2020 \u00e0 21h57 par Christian Djimadeu Il s\u2019agit du procureur de la R\u00e9publique pr\u00e8s les tribunaux de Guider, dans le \u00a0d\u00e9partement du Mavo-Louti. Ibrahima Abba, procureur de de la R\u00e9publique pr\u00e8s les tribunaux de Guider, a \u00e9t\u00e9 d\u00e9tect\u00e9 positif au Covid-19. \u00ab\u00a0Le Gouverneur de la R\u00e9gion du Nord. Pr\u00e9sident R\u00e9gional du syst\u00e8me \u00a0de [&hellip;]<\/p>\n","protected":false},"author":1965,"featured_media":0,"comment_status":"closed","ping_status":"closed","sticky":false,"template":"","format":"standard","meta":{"fifu_image_url":"","fifu_image_alt":"","footnotes":""},"categories":[73,82],"tags":[],"class_list":["post-82804","post","type-post","status-publish","format-standard","hentry","category-actualite","category-cameroun"],"_links":{"self":[{"href":"https:\/\/linitiative.ca\/International\/wp-json\/wp\/v2\/posts\/82804","targetHints":{"allow":["GET"]}}],"collection":[{"href":"https:\/\/linitiative.ca\/International\/wp-json\/wp\/v2\/posts"}],"about":[{"href":"https:\/\/linitiative.ca\/International\/wp-json\/wp\/v2\/types\/post"}],"author":[{"embeddable":true,"href":"https:\/\/linitiative.ca\/International\/wp-json\/wp\/v2\/users\/1965"}],"replies":[{"embeddable":true,"href":"https:\/\/linitiative.ca\/International\/wp-json\/wp\/v2\/comments?post=82804"}],"version-history":[{"count":0,"href":"https:\/\/linitiative.ca\/International\/wp-json\/wp\/v2\/posts\/82804\/revisions"}],"wp:attachment":[{"href":"https:\/\/linitiative.ca\/International\/wp-json\/wp\/v2\/media?parent=82804"}],"wp:term":[{"taxonomy":"category","embeddable":true,"href":"https:\/\/linitiative.ca\/International\/wp-json\/wp\/v2\/categories?post=82804"},{"taxonomy":"post_tag","embeddable":true,"href":"https:\/\/linitiative.ca\/International\/wp-json\/wp\/v2\/tags?post=82804"}],"curies":[{"name":"wp","href":"https:\/\/api.w.org\/{rel}","templated":true}]}}