{"id":82805,"date":"2020-04-18T17:50:05","date_gmt":"2020-04-18T21:50:05","guid":{"rendered":"https:\/\/linitiative.ca\/International\/plus-de-20-000-morts-en-espagne-qui-prolonge-le-confinement\/"},"modified":"2020-04-18T17:50:05","modified_gmt":"2020-04-18T21:50:05","slug":"plus-de-20-000-morts-en-espagne-qui-prolonge-le-confinement","status":"publish","type":"post","link":"https:\/\/linitiative.ca\/International\/plus-de-20-000-morts-en-espagne-qui-prolonge-le-confinement\/","title":{"rendered":"Plus de 20.000 morts en Espagne qui prolonge le confinement"},"content":{"rendered":"<div readability=\"32\">\n<p>Publi\u00e9 le 18.04.2020 \u00e0 22h50 par AFP<\/p>\n<\/div>\n<div readability=\"115\">\n<p>L\u2019Espagne, qui d\u00e9nombre plus de 20.000 morts dus \u00e0 la pand\u00e9mie de nouveau coronavirus, va prolonger le strict confinement de sa population de deux semaines, jusqu\u2019au 9 mai inclus, a d\u00e9clar\u00e9 samedi son Premier ministre.<\/p>\n<p>\u00ab\u00a0Nous avons fait le plus dur gr\u00e2ce \u00e0 la responsabilit\u00e9 et \u00e0 la discipline sociales (\u2026) nous avons laiss\u00e9 derri\u00e8re nous les moments les plus extr\u00eames\u00a0\u00bb mais \u00ab\u00a0ces succ\u00e8s sont encore insuffisants et surtout fragiles\u00a0\u00bb, a insist\u00e9 Pedro Sanchez, appelant \u00e0 ne pas tout \u00ab\u00a0mettre en p\u00e9ril\u00a0\u00bb avec des d\u00e9cisions \u00ab\u00a0pr\u00e9cipit\u00e9es\u00a0\u00bb.<\/p>\n<p>Le socialiste a toutefois annonc\u00e9 que ce confinement allait \u00eatre assoupli pour les enfants qui allaient pouvoir sortir \u00ab\u00a0un peu chaque jour\u00a0\u00bb \u00e0 partir du 27 avril alors qu\u2019ils n\u2019en avaient pas le droit depuis le d\u00e9but du confinement le 14 mars.<\/p>\n<p>Jusqu\u2019ici, seuls les adultes pouvaient quitter leur domicile seuls pour aller travailler, acheter \u00e0 manger ou des m\u00e9dicaments, se faire soigner ou sortir rapidement leur chien.<\/p>\n<p>Les appels se sont faits de plus en plus pressants ces derniers jours pour permettre aux enfants de prendre l\u2019air comme dans d\u2019autres pays europ\u00e9ens.<\/p>\n<p>Cette nouvelle prolongation de l\u2019\u00e9tat d\u2019alerte, qui devra \u00eatre ent\u00e9rin\u00e9e par le Parlement, sera suivie d\u2019autres mesures de restrictions en mai avant une lev\u00e9e \u00ab\u00a0prudente et progressive\u00a0\u00bb du confinement en fonction de l\u2019\u00e9volution de l\u2019\u00e9pid\u00e9mie et qui pourra varier selon les r\u00e9gions, a ajout\u00e9 M. Sanchez.<\/p>\n<p>\u00ab\u00a0Si cela est n\u00e9cessaire, nous renforcerons de nouveau les mesures de protection\u00a0\u00bb, a-t-il averti.<\/p>\n<p>Lundi, certains Espagnols avaient d\u00e9j\u00e0 pu reprendre le travail apr\u00e8s deux semaines d\u2019arr\u00eat quasi total de l\u2019\u00e9conomie mais le t\u00e9l\u00e9travail reste la norme lorsque cela est possible tandis que tous les commerces non essentiels sont toujours ferm\u00e9s.<\/p>\n<p>\u2013 Plus de 20.000 morts \u2013<\/p>\n<p>L\u2019Espagne a d\u00e9pass\u00e9 samedi les 20.000 morts \u00e0 20.043 morts, le troisi\u00e8me bilan le plus lourd du monde, derri\u00e8re ceux des Etats-Unis et de l\u2019Italie.<\/p>\n<p>En 24 heures, le nombre de morts s\u2019est \u00e9lev\u00e9 \u00e0 565, une l\u00e9g\u00e8re baisse par rapport aux 585 notifi\u00e9s vendredi et loin du record de 950 morts en un jour enregistr\u00e9 le 2 avril.<\/p>\n<p>Ce comptage -qui n\u2019inclut que les personnes test\u00e9es positives au nouveau coronavirus- est cependant de plus en plus contest\u00e9 par certaines r\u00e9gions selon lesquelles des milliers de personnes suppl\u00e9mentaires sont mortes apr\u00e8s avoir pr\u00e9sent\u00e9 des sympt\u00f4mes de la maladie mais sans avoir pu \u00eatre test\u00e9es.<\/p>\n<p>La Catalogne (Nord-Est), \u00e9voque notamment le chiffre de plus de 7.800 morts alors que le bilan national pour cette r\u00e9gion est de plus de 3.800 samedi.<\/p>\n<p>Le nombre de cas confirm\u00e9s s\u2019\u00e9l\u00e8ve au total dans le pays \u00e0 191.726, apr\u00e8s un ralentissement de la progression ces derniers jours malgr\u00e9 un plus grand nombre de tests pratiqu\u00e9s, tandis que le nombre de personnes gu\u00e9ries s\u2019\u00e9l\u00e8ve \u00e0 pr\u00e8s de 75.000.<\/p>\n<p>Gr\u00e2ce au confinement, \u00ab\u00a0le niveau de transmission actuel (du virus) est beaucoup plus bas\u00a0\u00bb, a soulign\u00e9 Fernando Simon, le directeur du centre d\u2019urgences sanitaires lors de son point presse quotidien.<\/p>\n<p>Le tr\u00e8s surveill\u00e9 taux d\u2019infection qui \u00e9tait au-dessus de 3 au d\u00e9but du confinement, c\u2019est \u00e0 dire qu\u2019un malade contaminait plus de 3 personnes, est d\u00e9sormais inf\u00e9rieur \u00e0 1.<\/p>\n<\/div>\n<p>Auteur: AFP<br \/>\n<a href=\"https:\/\/www.journalducameroun.com\/plus-de-20-000-morts-en-espagne-qui-prolonge-le-confinement\/\">Cliquez ici pour lire l&rsquo;article depuis sa source.<\/a><\/p>\n","protected":false},"excerpt":{"rendered":"<p>Publi\u00e9 le 18.04.2020 \u00e0 22h50 par AFP L\u2019Espagne, qui d\u00e9nombre plus de 20.000 morts dus \u00e0 la pand\u00e9mie de nouveau coronavirus, va prolonger le strict confinement de sa population de deux semaines, jusqu\u2019au 9 mai inclus, a d\u00e9clar\u00e9 samedi son Premier ministre. \u00ab\u00a0Nous avons fait le plus dur gr\u00e2ce \u00e0 la responsabilit\u00e9 et \u00e0 la [&hellip;]<\/p>\n","protected":false},"author":1965,"featured_media":0,"comment_status":"closed","ping_status":"closed","sticky":false,"template":"","format":"standard","meta":{"fifu_image_url":"","fifu_image_alt":"","footnotes":""},"categories":[73,82],"tags":[],"class_list":["post-82805","post","type-post","status-publish","format-standard","hentry","category-actualite","category-cameroun"],"_links":{"self":[{"href":"https:\/\/linitiative.ca\/International\/wp-json\/wp\/v2\/posts\/82805","targetHints":{"allow":["GET"]}}],"collection":[{"href":"https:\/\/linitiative.ca\/International\/wp-json\/wp\/v2\/posts"}],"about":[{"href":"https:\/\/linitiative.ca\/International\/wp-json\/wp\/v2\/types\/post"}],"author":[{"embeddable":true,"href":"https:\/\/linitiative.ca\/International\/wp-json\/wp\/v2\/users\/1965"}],"replies":[{"embeddable":true,"href":"https:\/\/linitiative.ca\/International\/wp-json\/wp\/v2\/comments?post=82805"}],"version-history":[{"count":0,"href":"https:\/\/linitiative.ca\/International\/wp-json\/wp\/v2\/posts\/82805\/revisions"}],"wp:attachment":[{"href":"https:\/\/linitiative.ca\/International\/wp-json\/wp\/v2\/media?parent=82805"}],"wp:term":[{"taxonomy":"category","embeddable":true,"href":"https:\/\/linitiative.ca\/International\/wp-json\/wp\/v2\/categories?post=82805"},{"taxonomy":"post_tag","embeddable":true,"href":"https:\/\/linitiative.ca\/International\/wp-json\/wp\/v2\/tags?post=82805"}],"curies":[{"name":"wp","href":"https:\/\/api.w.org\/{rel}","templated":true}]}}