{"id":82808,"date":"2020-04-19T06:26:27","date_gmt":"2020-04-19T10:26:27","guid":{"rendered":"https:\/\/linitiative.ca\/International\/covid-19-maroc-135-nouveaux-cas-confirmes-2-820-au-total\/"},"modified":"2020-04-19T06:26:27","modified_gmt":"2020-04-19T10:26:27","slug":"covid-19-maroc-135-nouveaux-cas-confirmes-2-820-au-total","status":"publish","type":"post","link":"https:\/\/linitiative.ca\/International\/covid-19-maroc-135-nouveaux-cas-confirmes-2-820-au-total\/","title":{"rendered":"Covid-19 \/ Maroc : 135 nouveaux cas confirm\u00e9s, 2.820 au total"},"content":{"rendered":"<header>\n<\/header>\n<div class=\"entry-content clearfix\" readability=\"49.9256505576\"><img decoding=\"async\" class=\"post_layout_5_img\" src=\"http:\/\/aujourdhui.ma\/wp-content\/uploads\/2020\/03\/Allo-Yakada.jpg?x29840\" alt=\"Covid-19 \/ Maroc : 135 nouveaux cas confirm&#xE9;s, 2.820 au total\"\/><\/p>\n<p><span class=\"c4\"><strong>Un total de 135 nouveaux cas d\u2019infection au nouveau coronavirus (Covid-19) ont \u00e9t\u00e9 confirm\u00e9s au Maroc jusqu\u2019\u00e0 dimanche \u00e0 10h00, portant \u00e0 2.820 le nombre total des cas de contamination, annonce le minist\u00e8re de la Sant\u00e9.<\/strong><\/span><span id=\"more-342140\"\/><\/p>\n<p>Le nombre de cas gu\u00e9ris s\u2019\u00e9l\u00e8ve \u00e0 322 avec huit (8) nouvelles r\u00e9missions, alors que le nombre de d\u00e9c\u00e8s a atteint 138, pr\u00e9cise le minist\u00e8re sur le portail \u00ab\u00a0<span class=\"c6\"><a class=\"c5\" href=\"http:\/\/www.covidmaroc.ma\"><strong>www.covidmaroc.ma<\/strong><\/a><\/span>\u00ab\u00a0.<\/p>\n<p>Par ailleurs, le nombre des cas exclus apr\u00e8s des r\u00e9sultats n\u00e9gatifs d\u2019analyses effectu\u00e9es au laboratoire est de 11.369, indique-t-on de m\u00eame source.<\/p>\n<p>Le minist\u00e8re invite les citoyens \u00e0 respecter les r\u00e8gles d\u2019hygi\u00e8ne et de s\u00e9curit\u00e9 sanitaire ,ainsi que les mesures pr\u00e9ventives prises par les autorit\u00e9s marocaines en faisant preuve de responsabilit\u00e9 et de patriotisme.<\/p>\n<p><a href=\"http:\/\/aujourdhui.ma\/wp-content\/uploads\/2020\/04\/bilan-coronavirus-1000-19042020.jpg?x29840\"><img loading=\"lazy\" decoding=\"async\" class=\"alignnone size-full wp-image-342145\" src=\"http:\/\/aujourdhui.ma\/wp-content\/uploads\/2020\/04\/bilan-coronavirus-1000-19042020.jpg?x29840\" alt=\"\" width=\"811\" height=\"788\" srcset=\"http:\/\/aujourdhui.ma\/wp-content\/uploads\/2020\/04\/bilan-coronavirus-1000-19042020.jpg 811w, http:\/\/aujourdhui.ma\/wp-content\/uploads\/2020\/04\/bilan-coronavirus-1000-19042020-300x291.jpg 300w, http:\/\/aujourdhui.ma\/wp-content\/uploads\/2020\/04\/bilan-coronavirus-1000-19042020-768x746.jpg 768w\" sizes=\"auto, (max-width: 811px) 100vw, 811px\"\/><\/a> <a href=\"http:\/\/aujourdhui.ma\/wp-content\/uploads\/2020\/04\/bilan-coronavirus-1000-19042020-repartition-par-region.jpg?x29840\"><img loading=\"lazy\" decoding=\"async\" class=\"alignnone size-full wp-image-342144\" src=\"http:\/\/aujourdhui.ma\/wp-content\/uploads\/2020\/04\/bilan-coronavirus-1000-19042020-repartition-par-region.jpg?x29840\" alt=\"\" width=\"1152\" height=\"720\" srcset=\"http:\/\/aujourdhui.ma\/wp-content\/uploads\/2020\/04\/bilan-coronavirus-1000-19042020-repartition-par-region.jpg 1152w, http:\/\/aujourdhui.ma\/wp-content\/uploads\/2020\/04\/bilan-coronavirus-1000-19042020-repartition-par-region-300x188.jpg 300w, http:\/\/aujourdhui.ma\/wp-content\/uploads\/2020\/04\/bilan-coronavirus-1000-19042020-repartition-par-region-768x480.jpg 768w, http:\/\/aujourdhui.ma\/wp-content\/uploads\/2020\/04\/bilan-coronavirus-1000-19042020-repartition-par-region-1024x640.jpg 1024w\" sizes=\"auto, (max-width: 1152px) 100vw, 1152px\"\/><\/a><\/p>\n<\/div>\n<p>Auteur: MAP<br \/>\n<a href=\"http:\/\/aujourdhui.ma\/societe\/covid-19-maroc-135-nouveaux-cas-confirmes-2-820-au-total\">Cliquez ici pour lire l&rsquo;article depuis sa source.<\/a><\/p>\n","protected":false},"excerpt":{"rendered":"<p>Un total de 135 nouveaux cas d\u2019infection au nouveau coronavirus (Covid-19) ont \u00e9t\u00e9 confirm\u00e9s au Maroc jusqu\u2019\u00e0 dimanche \u00e0 10h00, portant \u00e0 2.820 le nombre total des cas de contamination, annonce le minist\u00e8re de la Sant\u00e9. Le nombre de cas gu\u00e9ris s\u2019\u00e9l\u00e8ve \u00e0 322 avec huit (8) nouvelles r\u00e9missions, alors que le nombre de d\u00e9c\u00e8s [&hellip;]<\/p>\n","protected":false},"author":1759,"featured_media":0,"comment_status":"closed","ping_status":"closed","sticky":false,"template":"","format":"standard","meta":{"fifu_image_url":"","fifu_image_alt":"","footnotes":""},"categories":[73,54],"tags":[],"class_list":["post-82808","post","type-post","status-publish","format-standard","hentry","category-actualite","category-maroc"],"_links":{"self":[{"href":"https:\/\/linitiative.ca\/International\/wp-json\/wp\/v2\/posts\/82808","targetHints":{"allow":["GET"]}}],"collection":[{"href":"https:\/\/linitiative.ca\/International\/wp-json\/wp\/v2\/posts"}],"about":[{"href":"https:\/\/linitiative.ca\/International\/wp-json\/wp\/v2\/types\/post"}],"author":[{"embeddable":true,"href":"https:\/\/linitiative.ca\/International\/wp-json\/wp\/v2\/users\/1759"}],"replies":[{"embeddable":true,"href":"https:\/\/linitiative.ca\/International\/wp-json\/wp\/v2\/comments?post=82808"}],"version-history":[{"count":0,"href":"https:\/\/linitiative.ca\/International\/wp-json\/wp\/v2\/posts\/82808\/revisions"}],"wp:attachment":[{"href":"https:\/\/linitiative.ca\/International\/wp-json\/wp\/v2\/media?parent=82808"}],"wp:term":[{"taxonomy":"category","embeddable":true,"href":"https:\/\/linitiative.ca\/International\/wp-json\/wp\/v2\/categories?post=82808"},{"taxonomy":"post_tag","embeddable":true,"href":"https:\/\/linitiative.ca\/International\/wp-json\/wp\/v2\/tags?post=82808"}],"curies":[{"name":"wp","href":"https:\/\/api.w.org\/{rel}","templated":true}]}}