{"id":82813,"date":"2020-04-19T10:57:36","date_gmt":"2020-04-19T14:57:36","guid":{"rendered":"https:\/\/linitiative.ca\/International\/le-mali-elit-ses-deputes-malgre-les-attaques-jihadistes-et-le-covid-19\/"},"modified":"2020-04-19T10:57:36","modified_gmt":"2020-04-19T14:57:36","slug":"le-mali-elit-ses-deputes-malgre-les-attaques-jihadistes-et-le-covid-19","status":"publish","type":"post","link":"https:\/\/linitiative.ca\/International\/le-mali-elit-ses-deputes-malgre-les-attaques-jihadistes-et-le-covid-19\/","title":{"rendered":"Le Mali \u00e9lit ses d\u00e9put\u00e9s malgr\u00e9 les attaques jihadistes et le Covid-19"},"content":{"rendered":"<div>\n<p class=\"has-text-color has-vivid-cyan-blue-color\"><strong>Les Maliens ont commenc&eacute; &agrave; voter dimanche pour &eacute;lire leurs d&eacute;put&eacute;s, un deuxi&egrave;me tour de scrutin l&eacute;gislatif maintenu malgr&eacute; les violences jihadistes, le nouveau coronavirus et l&rsquo;enl&egrave;vement du principal opposant au r&eacute;gime du pr&eacute;sident Ibrahim Boubacar Ke&iuml;ta.<\/strong><\/p>\n<p>A Bamako, des<br \/>\nbureaux de vote ont ouvert &agrave; 08H00 (locales et GMT), a constat&eacute; un journaliste<br \/>\nde l&rsquo;AFP. &laquo;J&rsquo;ai vot&eacute;. C&rsquo;est important malgr&eacute; la conjoncture. Il faut de<br \/>\nnouveaux d&eacute;put&eacute;s pour consolider notre d&eacute;mocratie&raquo;, a d&eacute;clar&eacute; &agrave; l&rsquo;AFP Moussa<br \/>\nDiakit&eacute;, un &eacute;tudiant de 23 ans.<\/p>\n<p>Le vote, pr&eacute;vu<br \/>\njusqu&rsquo;&agrave; 18H00 (locales et GMT), a &eacute;galement commenc&eacute; en province, notamment &agrave;<br \/>\nS&eacute;gou et Mopti (centre) et Gao (nord), selon des t&eacute;moins joints par l&rsquo;AFP<br \/>\ndepuis Bamako. Les premiers r&eacute;sultats provisoires sont attendus en d&eacute;but de<br \/>\nsemaine. Le premier tour s&rsquo;&eacute;tait tenu le 20 mars.<\/p>\n<p>&laquo;En d&eacute;mocratie,<br \/>\nrien ne vaut la pleine l&eacute;galit&eacute; constitutionnelle ainsi que le jeu normal des<br \/>\ninstitutions&raquo;, a d&eacute;clar&eacute; r&eacute;cemment le pr&eacute;sident Ibrahim Boubacar Ke&iuml;ta, dans un<br \/>\nmessage &agrave; la nation, masque protecteur sur le visage. La majorit&eacute; de la classe<br \/>\npolitique soutient le maintien de ce scrutin plusieurs fois report&eacute;.<\/p>\n<p>L&rsquo;enjeu est de<br \/>\ntaille: renouveler un parlement &eacute;lu en 2013 et dont le mandat devait s&rsquo;achever<br \/>\nen 2018, et faire avancer l&rsquo;application de l&rsquo;accord de paix d&rsquo;Alger.<\/p>\n<p>Celui-ci, sign&eacute;<br \/>\nen 2015 entre les groupes arm&eacute;s ind&eacute;pendantistes et Bamako, pr&eacute;voit plus de<br \/>\nd&eacute;centralisation via une r&eacute;forme constitutionnelle qui doit passer par<br \/>\nl&rsquo;Assembl&eacute;e. Or la l&eacute;gimit&eacute; du parlement sortant est contest&eacute;e.<\/p>\n<p>Mais comment<br \/>\nmotiver des Maliens qui remettent en cause la capacit&eacute; de leurs dirigeants &agrave;<br \/>\nsortir le pays de la guerre et de la pauvret&eacute; ?<\/p>\n<p>D&rsquo;abord<br \/>\nconcentr&eacute;e dans le Nord en proie &agrave; des r&eacute;bellions ind&eacute;pendantistes, la crise a<br \/>\nd&eacute;g&eacute;n&eacute;r&eacute; avec l&rsquo;arriv&eacute;e de groupes jihadistes dans le pays &agrave; partir de 2012. La<br \/>\nviolence frappe quotidiennement le centre et le nord du Mali et les voisins<br \/>\nburkinab&egrave; et nig&eacute;rien.<\/p>\n<p>Les attaques<br \/>\ncontre les soldats et les civils alternent avec les explosions de mines<br \/>\nartisanales, les morts se comptent par milliers et les d&eacute;plac&eacute;s par centaines<br \/>\nde milliers. Vingt-cinq militaires, selon le gouvernement, ont &eacute;t&eacute; tu&eacute;s entre<br \/>\nles deux tours dans une op&eacute;ration revendiqu&eacute;e par un groupe affili&eacute; &agrave; al-Qa&iuml;da.<\/p>\n<p>&laquo;Dans le centre<br \/>\net dans le nord, est-ce que les populations pourront voter librement? Dans le<br \/>\ncentre, les groupes terroristes sont en train de menacer les populations&raquo; pour<br \/>\nles dissuader de voter, affirme Ibrahima Sangho, chef de mission de la<br \/>\nSynergie, plateforme d&rsquo;organisations qui d&eacute;ploient des observateurs lors<br \/>\nd&rsquo;&eacute;lections.<\/p>\n<p>Le premier tour<br \/>\ndu 29 mars a &eacute;t&eacute; marqu&eacute; par des enl&egrave;vements de pr&eacute;sidents de bureau, le vol et<br \/>\nla destruction d&rsquo;urnes. Dans les zones rurales de Tombouctou, les jihadistes<br \/>\nont conduit de nombreux raids d&rsquo;intimidation &agrave; moto. &laquo;Ne votez pas ou vous<br \/>\naurez affaire &agrave; nous&raquo;, disaient-ils aux habitants, selon un rapport interne de<br \/>\nl&rsquo;ONU consult&eacute; par l&rsquo;AFP.<\/p>\n<p>Un millier de<br \/>\nbureaux environ, sur plus de 22.000, n&rsquo;ont pas ouvert, a admis le ministre de<br \/>\nl&rsquo;Administration territoriale Boubacar Alpha Bah, selon des propos rapport&eacute;s<br \/>\npar la t&eacute;l&eacute;vision publique.<\/p>\n<p>Dans certaines<br \/>\nr&eacute;gions du nord, le large taux de participation (plus de 85% &agrave; Kidal pour une<br \/>\nmoyenne nationale de 35,6%, avec des d&eacute;put&eacute;s &eacute;lus avec 91% ou 97% des<br \/>\nsuffrages) laisse envisager &laquo;une possibilit&eacute; de fraude&raquo;, dit un diplomate<br \/>\nsah&eacute;lien.<\/p>\n<p>Dans la<br \/>\ncapitale, la participation au premier tour a &eacute;t&eacute; de 12,9%. Ces faibles taux de<br \/>\nparticipation sont dans la norme malienne, rappelle M. Sangho. Sur les 147<br \/>\nsi&egrave;ges de d&eacute;put&eacute;s, 22 ont &eacute;t&eacute; pourvus au premier tour.<\/p>\n<p>Parmi eux:<br \/>\nSouma&iuml;la Ciss&eacute;, le chef de file de l&rsquo;opposition kidnapp&eacute; le 25 mars alors qu&rsquo;il<br \/>\n&eacute;tait en campagne. A d&eacute;faut de preuve formelle, tous les soup&ccedil;ons p&egrave;sent sur le<br \/>\ngroupe jihadiste d&rsquo;Amadou Koufa. Des n&eacute;gociations sont men&eacute;es pour sa<br \/>\nlib&eacute;ration, selon son parti.<\/p>\n<p>&laquo;Souma&iuml;la Ciss&eacute;<br \/>\nest un gros poisson qui pourra &ecirc;tre &eacute;chang&eacute; contre d&rsquo;autres gros poissons<br \/>\nemprisonn&eacute;s&raquo;, pense Br&eacute;ma Ely Dicko, sociologue &agrave; l&rsquo;Universit&eacute; de Bamako.<\/p>\n<p>Ce rapt sans<br \/>\npr&eacute;c&eacute;dent n&rsquo;avait pas dissuad&eacute; les autorit&eacute;s de s&rsquo;en tenir au calendrier<br \/>\n&eacute;lectoral, pas plus que la progression du coronavirus dans le pays.<\/p>\n<p>Le Mali a<br \/>\nofficiellement d&eacute;clar&eacute; 216 cas confirm&eacute;s et 13 d&eacute;c&egrave;s. Comme partout dans le<br \/>\nmonde, l&rsquo;inqui&eacute;tude est grande quant &agrave; la capacit&eacute; de faire face &agrave; une<br \/>\nprolif&eacute;ration. Un couvre-feu nocturne a &eacute;t&eacute; institu&eacute;, les &eacute;coles ont &eacute;t&eacute;<br \/>\nferm&eacute;es, des restrictions impos&eacute;es aux activit&eacute;s.<\/p>\n<p>Mais dans la<br \/>\ncapitale d&rsquo;un des pays les plus pauvres de la plan&egrave;te dont une grande part de<br \/>\nla population vit au jour le jour, les march&eacute;s, les mosqu&eacute;es, les transports en<br \/>\ncommun n&rsquo;ont pas d&eacute;sempli.<\/p>\n<p>Le pr&eacute;sident malien a pris l&rsquo;engagement que &laquo;toutes les mesures sanitaires et s&eacute;curitaires requises (seront) rigoureusement appliqu&eacute;es&raquo; dimanche.<\/p>\n<p style=\"text-align:right\"><strong>(AFP)<\/strong><\/p>\n<p>L&rsquo;article <a rel=\"nofollow\" href=\"http:\/\/albayane.press.ma\/le-mali-elit-ses-deputes-malgre-les-attaques-jihadistes-et-le-covid-19.html\">Le Mali &eacute;lit ses d&eacute;put&eacute;s malgr&eacute; les attaques jihadistes et le Covid-19<\/a> est apparu en premier sur <a rel=\"nofollow\" href=\"http:\/\/albayane.press.ma\/\">ALBAYANE<\/a>.<\/p>\n<\/div>\n<p>Auteur: M&rsquo;hammed rahal<br \/>\n<a href=\"http:\/\/albayane.press.ma\/le-mali-elit-ses-deputes-malgre-les-attaques-jihadistes-et-le-covid-19.html\">Cliquez ici pour lire l&rsquo;article depuis sa source.<\/a><\/p>\n","protected":false},"excerpt":{"rendered":"<p>Les Maliens ont commenc&eacute; &agrave; voter dimanche pour &eacute;lire leurs d&eacute;put&eacute;s, un deuxi&egrave;me tour de scrutin l&eacute;gislatif maintenu malgr&eacute; les violences jihadistes, le nouveau coronavirus et l&rsquo;enl&egrave;vement du principal opposant au r&eacute;gime du pr&eacute;sident Ibrahim Boubacar Ke&iuml;ta. A Bamako, des bureaux de vote ont ouvert &agrave; 08H00 (locales et GMT), a constat&eacute; un journaliste de [&hellip;]<\/p>\n","protected":false},"author":1760,"featured_media":0,"comment_status":"closed","ping_status":"closed","sticky":false,"template":"","format":"standard","meta":{"fifu_image_url":"","fifu_image_alt":"","footnotes":""},"categories":[73,54],"tags":[],"class_list":["post-82813","post","type-post","status-publish","format-standard","hentry","category-actualite","category-maroc"],"_links":{"self":[{"href":"https:\/\/linitiative.ca\/International\/wp-json\/wp\/v2\/posts\/82813","targetHints":{"allow":["GET"]}}],"collection":[{"href":"https:\/\/linitiative.ca\/International\/wp-json\/wp\/v2\/posts"}],"about":[{"href":"https:\/\/linitiative.ca\/International\/wp-json\/wp\/v2\/types\/post"}],"author":[{"embeddable":true,"href":"https:\/\/linitiative.ca\/International\/wp-json\/wp\/v2\/users\/1760"}],"replies":[{"embeddable":true,"href":"https:\/\/linitiative.ca\/International\/wp-json\/wp\/v2\/comments?post=82813"}],"version-history":[{"count":0,"href":"https:\/\/linitiative.ca\/International\/wp-json\/wp\/v2\/posts\/82813\/revisions"}],"wp:attachment":[{"href":"https:\/\/linitiative.ca\/International\/wp-json\/wp\/v2\/media?parent=82813"}],"wp:term":[{"taxonomy":"category","embeddable":true,"href":"https:\/\/linitiative.ca\/International\/wp-json\/wp\/v2\/categories?post=82813"},{"taxonomy":"post_tag","embeddable":true,"href":"https:\/\/linitiative.ca\/International\/wp-json\/wp\/v2\/tags?post=82813"}],"curies":[{"name":"wp","href":"https:\/\/api.w.org\/{rel}","templated":true}]}}