{"id":82819,"date":"2020-04-19T03:00:00","date_gmt":"2020-04-19T07:00:00","guid":{"rendered":"https:\/\/linitiative.ca\/International\/vu-a-el-milia\/"},"modified":"2020-04-19T03:00:00","modified_gmt":"2020-04-19T07:00:00","slug":"vu-a-el-milia","status":"publish","type":"post","link":"https:\/\/linitiative.ca\/International\/vu-a-el-milia\/","title":{"rendered":"Vu \u00e0 El-Milia"},"content":{"rendered":"<div id=\"originalText\" readability=\"36\">\n<p>Endommag\u00e9\u00a0 depuis\u00a0 belle\u00a0 lurette, ce\u00a0 lampadaire\u00a0 occupe\u00a0 toujours\u00a0 ce\u00a0 trottoir devenu au fil du temps tr\u00e8s exigu.\u00a0Entre-temps, d\u2019autres\u00a0 projets d\u2019\u00e9clairage sont lanc\u00e9s et subissent le m\u00eame sort.<\/p>\n<\/div>\n<div id=\"text_core\" readability=\"36\">\n<p>Endommag\u00e9\u00a0 depuis\u00a0 belle\u00a0 lurette, ce\u00a0 lampadaire\u00a0 occupe\u00a0 toujours\u00a0 ce\u00a0 trottoir devenu au fil du temps tr\u00e8s exigu.\u00a0Entre-temps, d\u2019autres\u00a0 projets d\u2019\u00e9clairage sont lanc\u00e9s et subissent le m\u00eame sort.<\/p>\n<\/div>\n<p>Auteur:<br \/>\n<a href=\"https:\/\/www.liberte-algerie.com\/radar\/vu-a-el-milia-337606\">Cliquez ici pour lire l&rsquo;article depuis sa source.<\/a><\/p>\n","protected":false},"excerpt":{"rendered":"<p>Endommag\u00e9\u00a0 depuis\u00a0 belle\u00a0 lurette, ce\u00a0 lampadaire\u00a0 occupe\u00a0 toujours\u00a0 ce\u00a0 trottoir devenu au fil du temps tr\u00e8s exigu.\u00a0Entre-temps, d\u2019autres\u00a0 projets d\u2019\u00e9clairage sont lanc\u00e9s et subissent le m\u00eame sort. Endommag\u00e9\u00a0 depuis\u00a0 belle\u00a0 lurette, ce\u00a0 lampadaire\u00a0 occupe\u00a0 toujours\u00a0 ce\u00a0 trottoir devenu au fil du temps tr\u00e8s exigu.\u00a0Entre-temps, d\u2019autres\u00a0 projets d\u2019\u00e9clairage sont lanc\u00e9s et subissent le m\u00eame sort. Auteur: [&hellip;]<\/p>\n","protected":false},"author":1742,"featured_media":0,"comment_status":"closed","ping_status":"closed","sticky":false,"template":"","format":"standard","meta":{"fifu_image_url":"","fifu_image_alt":"","footnotes":""},"categories":[73,53],"tags":[],"class_list":["post-82819","post","type-post","status-publish","format-standard","hentry","category-actualite","category-algerie"],"_links":{"self":[{"href":"https:\/\/linitiative.ca\/International\/wp-json\/wp\/v2\/posts\/82819","targetHints":{"allow":["GET"]}}],"collection":[{"href":"https:\/\/linitiative.ca\/International\/wp-json\/wp\/v2\/posts"}],"about":[{"href":"https:\/\/linitiative.ca\/International\/wp-json\/wp\/v2\/types\/post"}],"author":[{"embeddable":true,"href":"https:\/\/linitiative.ca\/International\/wp-json\/wp\/v2\/users\/1742"}],"replies":[{"embeddable":true,"href":"https:\/\/linitiative.ca\/International\/wp-json\/wp\/v2\/comments?post=82819"}],"version-history":[{"count":0,"href":"https:\/\/linitiative.ca\/International\/wp-json\/wp\/v2\/posts\/82819\/revisions"}],"wp:attachment":[{"href":"https:\/\/linitiative.ca\/International\/wp-json\/wp\/v2\/media?parent=82819"}],"wp:term":[{"taxonomy":"category","embeddable":true,"href":"https:\/\/linitiative.ca\/International\/wp-json\/wp\/v2\/categories?post=82819"},{"taxonomy":"post_tag","embeddable":true,"href":"https:\/\/linitiative.ca\/International\/wp-json\/wp\/v2\/tags?post=82819"}],"curies":[{"name":"wp","href":"https:\/\/api.w.org\/{rel}","templated":true}]}}