{"id":82825,"date":"2020-04-19T09:52:52","date_gmt":"2020-04-19T13:52:52","guid":{"rendered":"https:\/\/linitiative.ca\/International\/57-nouveaux-cas-confirmes-dans-la-region-720-au-total\/"},"modified":"2020-04-19T09:52:52","modified_gmt":"2020-04-19T13:52:52","slug":"57-nouveaux-cas-confirmes-dans-la-region-720-au-total","status":"publish","type":"post","link":"https:\/\/linitiative.ca\/International\/57-nouveaux-cas-confirmes-dans-la-region-720-au-total\/","title":{"rendered":"57 nouveaux cas confirm\u00e9s dans la r\u00e9gion, 720 au total"},"content":{"rendered":"<div class=\"single-featured\"><img alt=\"\" data-src=\"http:\/\/www.mapmarrakech.ma\/map\/uploads\/2020\/04\/situation-&#xE9;pid&#xE9;miologique-2.jpg\"\/><\/div>\n<div class=\"single-post-excerpt post-excerpt-bc\" readability=\"36\">\n<p>Cinquante-sept nouvelles infections au nouveau coronavirus (Covid-19) ont \u00e9t\u00e9 enregistr\u00e9es au niveau de la r\u00e9gion Marrakech-Safi, jusqu\u2019\u00e0 dimanche \u00e0 10h00, portant \u00e0 720 le nombre total de cas confirm\u00e9s dans la r\u00e9gion.<\/p>\n<\/div>\n<div class=\"entry-content clearfix single-post-content\" readability=\"55\">\n<p>Selon les donn\u00e9es de la Direction R\u00e9gionale de la Sant\u00e9 (DRS), ces cas sont r\u00e9partis entre la pr\u00e9fecture de Marrakech (454) et les provinces de Rehamna (215), d\u2019Al Haouz (25), de Chichaoua (22) et d\u2019El Kel\u00e2a des Sraghna et d\u2019Essaouira (deux cas chacune), alors que les provinces de Safi et de Youssoufia n\u2019ont enregistr\u00e9, elles, aucun cas d\u2019infection.<\/p>\n<p>En ce qui concerne les nouveaux cas recens\u00e9s dans la r\u00e9gion jusqu\u2019\u00e0 dimanche \u00e0 10H00, ils ont \u00e9t\u00e9 enregistr\u00e9s au niveau de la province de Rehamna (36) et la pr\u00e9fecture de Marrakech (21).<\/p>\n<p>Le nombre total des personnes d\u00e9clar\u00e9es gu\u00e9ries \u00e0 l\u2019\u00e9chelle de la r\u00e9gion de Marrakech-Safi s\u2019est \u00e9tabli \u00e0 52, alors que celui des d\u00e9c\u00e8s s\u2019\u00e9l\u00e8ve \u00e0 35, pr\u00e9cise la m\u00eame source.<\/p>\n<p>Au niveau national, 135 nouveaux cas d\u2019infection au nouveau coronavirus (Covid-19) ont \u00e9t\u00e9 confirm\u00e9s jusqu\u2019\u00e0 dimanche \u00e0 10h00, portant \u00e0 2.820 le nombre total des cas de contamination.<\/p>\n<\/div>\n<p>Auteur: Meriem IGASS<br \/>\n<a href=\"http:\/\/www.mapmarrakech.ma\/fr\/57-nouveaux-cas-confirmes-dans-la-region-720-au-total\/\">Cliquez ici pour lire l&rsquo;article depuis sa source.<\/a><\/p>\n","protected":false},"excerpt":{"rendered":"<p>Cinquante-sept nouvelles infections au nouveau coronavirus (Covid-19) ont \u00e9t\u00e9 enregistr\u00e9es au niveau de la r\u00e9gion Marrakech-Safi, jusqu\u2019\u00e0 dimanche \u00e0 10h00, portant \u00e0 720 le nombre total de cas confirm\u00e9s dans la r\u00e9gion. Selon les donn\u00e9es de la Direction R\u00e9gionale de la Sant\u00e9 (DRS), ces cas sont r\u00e9partis entre la pr\u00e9fecture de Marrakech (454) et les [&hellip;]<\/p>\n","protected":false},"author":1788,"featured_media":0,"comment_status":"closed","ping_status":"closed","sticky":false,"template":"","format":"standard","meta":{"fifu_image_url":"","fifu_image_alt":"","footnotes":""},"categories":[54,76],"tags":[],"class_list":["post-82825","post","type-post","status-publish","format-standard","hentry","category-maroc","category-regions"],"_links":{"self":[{"href":"https:\/\/linitiative.ca\/International\/wp-json\/wp\/v2\/posts\/82825","targetHints":{"allow":["GET"]}}],"collection":[{"href":"https:\/\/linitiative.ca\/International\/wp-json\/wp\/v2\/posts"}],"about":[{"href":"https:\/\/linitiative.ca\/International\/wp-json\/wp\/v2\/types\/post"}],"author":[{"embeddable":true,"href":"https:\/\/linitiative.ca\/International\/wp-json\/wp\/v2\/users\/1788"}],"replies":[{"embeddable":true,"href":"https:\/\/linitiative.ca\/International\/wp-json\/wp\/v2\/comments?post=82825"}],"version-history":[{"count":0,"href":"https:\/\/linitiative.ca\/International\/wp-json\/wp\/v2\/posts\/82825\/revisions"}],"wp:attachment":[{"href":"https:\/\/linitiative.ca\/International\/wp-json\/wp\/v2\/media?parent=82825"}],"wp:term":[{"taxonomy":"category","embeddable":true,"href":"https:\/\/linitiative.ca\/International\/wp-json\/wp\/v2\/categories?post=82825"},{"taxonomy":"post_tag","embeddable":true,"href":"https:\/\/linitiative.ca\/International\/wp-json\/wp\/v2\/tags?post=82825"}],"curies":[{"name":"wp","href":"https:\/\/api.w.org\/{rel}","templated":true}]}}