{"id":82827,"date":"2020-04-19T10:37:02","date_gmt":"2020-04-19T14:37:02","guid":{"rendered":"https:\/\/linitiative.ca\/International\/uca-un-dispositif-daccompagnement-psychologique-pour-les-etudiants\/"},"modified":"2020-04-19T10:37:02","modified_gmt":"2020-04-19T14:37:02","slug":"uca-un-dispositif-daccompagnement-psychologique-pour-les-etudiants","status":"publish","type":"post","link":"https:\/\/linitiative.ca\/International\/uca-un-dispositif-daccompagnement-psychologique-pour-les-etudiants\/","title":{"rendered":"UCA: Un dispositif d\u2019accompagnement psychologique pour les \u00e9tudiants"},"content":{"rendered":"<div class=\"single-featured\"><img alt=\"\" data-src=\"http:\/\/www.mapmarrakech.ma\/map\/uploads\/2020\/04\/UCA-Marrakech-copier.jpg\"\/><\/div>\n<div class=\"single-post-excerpt post-excerpt-bc\" readability=\"35\">\n<p>Marrakech \u2013 L\u2019Universit\u00e9 Cadi Ayyad (UCA) de Marrakech a mis en place un dispositif d\u2019accompagnement psychologique pour les \u00e9tudiants durant cette p\u00e9riode de confinement, et ce dans le cadre de sa mobilisation pour faire face \u00e0 la crise sanitaire du coronavirus (Covid-19).<\/p>\n<\/div>\n<div class=\"entry-content clearfix single-post-content\" readability=\"51\">\n<p>Pilot\u00e9 par le Centre d\u2019Enseignement Inclusif et Responsabilit\u00e9 Sociale de l\u2019UCA (CEIRS) et encadr\u00e9 par des enseignants chercheurs en psychologie et des professionnels externes volontaires, ce dispositif permet aux \u00e9tudiants en difficult\u00e9s psychologiques de b\u00e9n\u00e9ficier d\u2019une consultation t\u00e9l\u00e9phonique avec un professionnel.<\/p>\n<p>Ainsi, il sera proc\u00e9d\u00e9 \u00e0 la mise en ligne sur le site de l\u2019UCA de capsules th\u00e9matiques pour sensibiliser les \u00e9tudiants sur les difficult\u00e9s qu\u2019ils peuvent rencontrer pendant le confinement (peur, inqui\u00e9tude, d\u00e9pression, manque de motivation, mauvaise gestion du temps, ou autre..).<\/p>\n<p>De m\u00eame, les \u00e9tudiants int\u00e9ress\u00e9s sont appel\u00e9s \u00e0 laisser leur num\u00e9ro de t\u00e9l\u00e9phone \u00e0 l\u2019adresse suivante \u00ab\u00a0ceirs@uca.ma\u00a0\u00bb pour pouvoir les contacter directement et fixer un rendez-vous t\u00e9l\u00e9phonique avec un professionnel.<\/p>\n<\/div>\n<p>Auteur: Meriem IGASS<br \/>\n<a href=\"http:\/\/www.mapmarrakech.ma\/fr\/uca-un-dispositif-daccompagnement-psychologique-pour-les-etudiants\/\">Cliquez ici pour lire l&rsquo;article depuis sa source.<\/a><\/p>\n","protected":false},"excerpt":{"rendered":"<p>Marrakech \u2013 L\u2019Universit\u00e9 Cadi Ayyad (UCA) de Marrakech a mis en place un dispositif d\u2019accompagnement psychologique pour les \u00e9tudiants durant cette p\u00e9riode de confinement, et ce dans le cadre de sa mobilisation pour faire face \u00e0 la crise sanitaire du coronavirus (Covid-19). Pilot\u00e9 par le Centre d\u2019Enseignement Inclusif et Responsabilit\u00e9 Sociale de l\u2019UCA (CEIRS) et [&hellip;]<\/p>\n","protected":false},"author":1788,"featured_media":0,"comment_status":"closed","ping_status":"closed","sticky":false,"template":"","format":"standard","meta":{"fifu_image_url":"","fifu_image_alt":"","footnotes":""},"categories":[54,76],"tags":[],"class_list":["post-82827","post","type-post","status-publish","format-standard","hentry","category-maroc","category-regions"],"_links":{"self":[{"href":"https:\/\/linitiative.ca\/International\/wp-json\/wp\/v2\/posts\/82827","targetHints":{"allow":["GET"]}}],"collection":[{"href":"https:\/\/linitiative.ca\/International\/wp-json\/wp\/v2\/posts"}],"about":[{"href":"https:\/\/linitiative.ca\/International\/wp-json\/wp\/v2\/types\/post"}],"author":[{"embeddable":true,"href":"https:\/\/linitiative.ca\/International\/wp-json\/wp\/v2\/users\/1788"}],"replies":[{"embeddable":true,"href":"https:\/\/linitiative.ca\/International\/wp-json\/wp\/v2\/comments?post=82827"}],"version-history":[{"count":0,"href":"https:\/\/linitiative.ca\/International\/wp-json\/wp\/v2\/posts\/82827\/revisions"}],"wp:attachment":[{"href":"https:\/\/linitiative.ca\/International\/wp-json\/wp\/v2\/media?parent=82827"}],"wp:term":[{"taxonomy":"category","embeddable":true,"href":"https:\/\/linitiative.ca\/International\/wp-json\/wp\/v2\/categories?post=82827"},{"taxonomy":"post_tag","embeddable":true,"href":"https:\/\/linitiative.ca\/International\/wp-json\/wp\/v2\/tags?post=82827"}],"curies":[{"name":"wp","href":"https:\/\/api.w.org\/{rel}","templated":true}]}}