{"id":82828,"date":"2020-04-19T12:25:42","date_gmt":"2020-04-19T16:25:42","guid":{"rendered":"https:\/\/linitiative.ca\/International\/deux-nouvelles-remissions-au-chu-mohammed-vi-25-au-total\/"},"modified":"2020-04-19T12:25:42","modified_gmt":"2020-04-19T16:25:42","slug":"deux-nouvelles-remissions-au-chu-mohammed-vi-25-au-total","status":"publish","type":"post","link":"https:\/\/linitiative.ca\/International\/deux-nouvelles-remissions-au-chu-mohammed-vi-25-au-total\/","title":{"rendered":"Deux nouvelles r\u00e9missions au CHU Mohammed VI, 25 au total"},"content":{"rendered":"<div class=\"single-featured\"><img alt=\"\" data-src=\"http:\/\/www.mapmarrakech.ma\/map\/uploads\/2020\/04\/r&#xE9;mission-des-patients-copier.jpg\"\/><\/div>\n<div class=\"single-post-excerpt post-excerpt-bc\" readability=\"37\">\n<p>Marrakech \u2013 Deux patients compl\u00e8tement gu\u00e9ris du nouveau coronavirus (Covid-19) ont quitt\u00e9, dimanche, le Centre Hospitalier universitaire (CHU) Mohammed VI de Marrakech, sous les applaudissements des cadres m\u00e9dicaux et param\u00e9dicaux de cet \u00e9tablissement hospitalier.<\/p>\n<\/div>\n<div class=\"entry-content clearfix single-post-content\" readability=\"58\">\n<p>Il s\u2019agit d\u2019une femme, \u00e2g\u00e9e de 62 ans et d\u2019un homme \u00e2g\u00e9 de 76 ans, d\u00e9clar\u00e9s d\u00e9finitivement gu\u00e9ris apr\u00e8s que les tests m\u00e9dicaux et cliniques effectu\u00e9s se sont r\u00e9v\u00e9l\u00e9s n\u00e9gatifs.<\/p>\n<p>Ainsi, ces nouvelles r\u00e9missions portent \u00e0 25, le total des patients ayant quitt\u00e9 cet \u00e9tablissement hospitalier apr\u00e8s la confirmation de leur gu\u00e9rison totale.<\/p>\n<p>Dans une d\u00e9claration \u00e0 la MAP, le coordinateur g\u00e9n\u00e9ral du Covid-19 au CHU Mohammed VI, Dr. Takoui Abdelmajid, a indiqu\u00e9 que la femme gu\u00e9rie a pass\u00e9 13 jours au CHU, expliquant que cette patiente devra cependant passer une autre semaine confin\u00e9e dans un h\u00f4tel de la cit\u00e9 ocre avant de rejoindre son domicile et sa famille.<\/p>\n<p>Le patient a, quant \u00e0 lui, pass\u00e9 23 jours au CHU Mohammed VI, a-t-il soulign\u00e9, relevant que les cas gu\u00e9ris ne souffraient d\u2019aucune complication ou de maladie chronique, ce qui a favoris\u00e9 leur gu\u00e9rison.<\/p>\n<\/div>\n<p>Auteur: Meriem IGASS<br \/>\n<a href=\"http:\/\/www.mapmarrakech.ma\/fr\/deux-nouvelles-remissions-au-chu-mohammed-vi-25-au-total\/\">Cliquez ici pour lire l&rsquo;article depuis sa source.<\/a><\/p>\n","protected":false},"excerpt":{"rendered":"<p>Marrakech \u2013 Deux patients compl\u00e8tement gu\u00e9ris du nouveau coronavirus (Covid-19) ont quitt\u00e9, dimanche, le Centre Hospitalier universitaire (CHU) Mohammed VI de Marrakech, sous les applaudissements des cadres m\u00e9dicaux et param\u00e9dicaux de cet \u00e9tablissement hospitalier. Il s\u2019agit d\u2019une femme, \u00e2g\u00e9e de 62 ans et d\u2019un homme \u00e2g\u00e9 de 76 ans, d\u00e9clar\u00e9s d\u00e9finitivement gu\u00e9ris apr\u00e8s que les [&hellip;]<\/p>\n","protected":false},"author":1788,"featured_media":0,"comment_status":"closed","ping_status":"closed","sticky":false,"template":"","format":"standard","meta":{"fifu_image_url":"","fifu_image_alt":"","footnotes":""},"categories":[54,76],"tags":[],"class_list":["post-82828","post","type-post","status-publish","format-standard","hentry","category-maroc","category-regions"],"_links":{"self":[{"href":"https:\/\/linitiative.ca\/International\/wp-json\/wp\/v2\/posts\/82828","targetHints":{"allow":["GET"]}}],"collection":[{"href":"https:\/\/linitiative.ca\/International\/wp-json\/wp\/v2\/posts"}],"about":[{"href":"https:\/\/linitiative.ca\/International\/wp-json\/wp\/v2\/types\/post"}],"author":[{"embeddable":true,"href":"https:\/\/linitiative.ca\/International\/wp-json\/wp\/v2\/users\/1788"}],"replies":[{"embeddable":true,"href":"https:\/\/linitiative.ca\/International\/wp-json\/wp\/v2\/comments?post=82828"}],"version-history":[{"count":0,"href":"https:\/\/linitiative.ca\/International\/wp-json\/wp\/v2\/posts\/82828\/revisions"}],"wp:attachment":[{"href":"https:\/\/linitiative.ca\/International\/wp-json\/wp\/v2\/media?parent=82828"}],"wp:term":[{"taxonomy":"category","embeddable":true,"href":"https:\/\/linitiative.ca\/International\/wp-json\/wp\/v2\/categories?post=82828"},{"taxonomy":"post_tag","embeddable":true,"href":"https:\/\/linitiative.ca\/International\/wp-json\/wp\/v2\/tags?post=82828"}],"curies":[{"name":"wp","href":"https:\/\/api.w.org\/{rel}","templated":true}]}}