{"id":82832,"date":"2020-04-18T19:32:00","date_gmt":"2020-04-18T23:32:00","guid":{"rendered":"https:\/\/linitiative.ca\/International\/visa-schengen-nouvelles-restrictions\/"},"modified":"2020-04-18T19:32:00","modified_gmt":"2020-04-18T23:32:00","slug":"visa-schengen-nouvelles-restrictions","status":"publish","type":"post","link":"https:\/\/linitiative.ca\/International\/visa-schengen-nouvelles-restrictions\/","title":{"rendered":"Visa \u00ab Schengen \u00bb : nouvelles restrictions"},"content":{"rendered":"<p>Il semblerait que les candidats aux visas \u00ab Schengen \u00bb et qui attendent avec impatience la r\u00e9ouverture des fronti\u00e8res europ\u00e9ennes pour pouvoir voyager, n\u2019auront pas la partie facile.<\/p>\n<p>La conjoncture actuelle a oblig\u00e9 tous les pays \u00e0 fermer leurs fronti\u00e8res aussi bien a\u00e9riennes que terrestres ce qui a impliqu\u00e9 \u00e9galement la suspension de la d\u00e9livrance des visas par les consulats des pays d\u2019Europe. Cette mesure sur demande de l\u2019Union Europ\u00e9enne devait se prolonger jusqu\u2019\u00e0 la fin du mois de mai, mais le Pr\u00e9sident fran\u00e7ais Emmanuel Macron a annonc\u00e9 dans son dernier discours que les fronti\u00e8res fran\u00e7aises resteront ferm\u00e9es jusqu\u2019\u00e0 la fin du mois de septembre et a souhait\u00e9 que les autres pays de l\u2019Union suivent cette d\u00e9marche.<\/p>\n<p>Aussit\u00f4t dit, aussit\u00f4t l\u2019UE a d\u00e9cid\u00e9 de suivre et du coup tous ceux qui pr\u00e9tendaient d\u00e9poser leur dossier d\u2019obtention de visa ont d\u00e9senchant\u00e9. Mais l\u2019UE3 ne s\u2019est pas arr\u00eat\u00e9e \u00e0 cette mesure. Elle vient d\u2019annoncer que les candidats \u00e0 l\u2019obtention de visa doivent joindre \u00e0 leur dossier une attestation de test du \u00ab Covid-19 \u00bb fait au maximum deux semaines avant la date du d\u00e9p\u00f4t de leur dossier. Une source g\u00e9n\u00e9ralement bien inform\u00e9e de l\u2019Union a indiqu\u00e9 qu\u2019une nouvelle attestation de test (n\u00e9gatif) au virus doit \u00eatre pr\u00e9sent\u00e9e \u00e0 la date du d\u00e9part.<\/p>\n<p>Signalons enfin, que les personnes de nationalit\u00e9 d\u2019un des pays de la zone \u00ab Schengen \u00bb et les r\u00e9sidents de ces pays titulaires de permis de s\u00e9jour pourront voyager avant la fin du mois de septembre une fois la situation sanitaire permettra d\u2019ouvrir graduellement l\u2019espace a\u00e9rien.<\/p>\n<p class=\"c2\"><strong>M.R.<\/strong><\/p>\n<p>Auteur: letemps1<br \/>\n<a href=\"http:\/\/www.letemps.com.tn\/article\/113010\/visa-%C2%AB-schengen-%C2%BB-nouvelles-restrictions\">Cliquez ici pour lire l&rsquo;article depuis sa source.<\/a><\/p>\n","protected":false},"excerpt":{"rendered":"<p>Il semblerait que les candidats aux visas \u00ab Schengen \u00bb et qui attendent avec impatience la r\u00e9ouverture des fronti\u00e8res europ\u00e9ennes pour pouvoir voyager, n\u2019auront pas la partie facile. La conjoncture actuelle a oblig\u00e9 tous les pays \u00e0 fermer leurs fronti\u00e8res aussi bien a\u00e9riennes que terrestres ce qui a impliqu\u00e9 \u00e9galement la suspension de la d\u00e9livrance [&hellip;]<\/p>\n","protected":false},"author":1773,"featured_media":0,"comment_status":"closed","ping_status":"closed","sticky":false,"template":"","format":"standard","meta":{"fifu_image_url":"","fifu_image_alt":"","footnotes":""},"categories":[73,55],"tags":[],"class_list":["post-82832","post","type-post","status-publish","format-standard","hentry","category-actualite","category-tunisie"],"_links":{"self":[{"href":"https:\/\/linitiative.ca\/International\/wp-json\/wp\/v2\/posts\/82832","targetHints":{"allow":["GET"]}}],"collection":[{"href":"https:\/\/linitiative.ca\/International\/wp-json\/wp\/v2\/posts"}],"about":[{"href":"https:\/\/linitiative.ca\/International\/wp-json\/wp\/v2\/types\/post"}],"author":[{"embeddable":true,"href":"https:\/\/linitiative.ca\/International\/wp-json\/wp\/v2\/users\/1773"}],"replies":[{"embeddable":true,"href":"https:\/\/linitiative.ca\/International\/wp-json\/wp\/v2\/comments?post=82832"}],"version-history":[{"count":0,"href":"https:\/\/linitiative.ca\/International\/wp-json\/wp\/v2\/posts\/82832\/revisions"}],"wp:attachment":[{"href":"https:\/\/linitiative.ca\/International\/wp-json\/wp\/v2\/media?parent=82832"}],"wp:term":[{"taxonomy":"category","embeddable":true,"href":"https:\/\/linitiative.ca\/International\/wp-json\/wp\/v2\/categories?post=82832"},{"taxonomy":"post_tag","embeddable":true,"href":"https:\/\/linitiative.ca\/International\/wp-json\/wp\/v2\/tags?post=82832"}],"curies":[{"name":"wp","href":"https:\/\/api.w.org\/{rel}","templated":true}]}}