{"id":82834,"date":"2020-04-18T19:32:00","date_gmt":"2020-04-18T23:32:00","guid":{"rendered":"https:\/\/linitiative.ca\/International\/baisse-du-nombre-des-confines-a-kairouan\/"},"modified":"2020-04-18T19:32:00","modified_gmt":"2020-04-18T23:32:00","slug":"baisse-du-nombre-des-confines-a-kairouan","status":"publish","type":"post","link":"https:\/\/linitiative.ca\/International\/baisse-du-nombre-des-confines-a-kairouan\/","title":{"rendered":"Baisse du nombre des confin\u00e9s \u00e0 Kairouan"},"content":{"rendered":"<p>Le gouvernorat de Kairouan a enregistr\u00e9 une baisse sensible du nombre de personnes plac\u00e9es en confinement .En effet, il compte actuellement cinq cas contamin\u00e9s par le coronavirus qui poursuivent leur traitement dans un centre d\u2019accueil \u00e0 Monastir. Alors que seize cas sont plac\u00e9s en auto-isolement et quatre cas en confinement obligatoire. Quant au nombre de cas suspects et selon Mohamed Hamdi Hadhri, directeur r\u00e9gional de la sant\u00e9, des pr\u00e9l\u00e8vements chez six cas probables ont \u00e9t\u00e9 envoy\u00e9s aux laboratoires de l\u2019H\u00f4pital Charles Nicole de Tunis pour des analyses. Il a ajout\u00e9 que 952 personnes ont d\u00e9j\u00e0 achev\u00e9 la p\u00e9riode de confinement.<\/p>\n<p>\u00a0\u00a0\u00a0\u00a0\u00a0\u00a0\u00a0\u00a0\u00a0\u00a0\u00a0\u00a0\u00a0\u00a0\u00a0\u00a0\u00a0\u00a0\u00a0\u00a0\u00a0\u00a0\u00a0\u00a0\u00a0\u00a0\u00a0\u00a0\u00a0\u00a0\u00a0\u00a0\u00a0\u00a0\u00a0\u00a0\u00a0\u00a0\u00a0\u00a0\u00a0\u00a0\u00a0\u00a0\u00a0\u00a0\u00a0\u00a0\u00a0\u00a0\u00a0\u00a0\u00a0\u00a0\u00a0\u00a0\u00a0\u00a0\u00a0\u00a0\u00a0\u00a0\u00a0\u00a0\u00a0\u00a0\u00a0\u00a0\u00a0\u00a0\u00a0\u00a0\u00a0\u00a0\u00a0\u00a0\u00a0\u00a0\u00a0\u00a0\u00a0\u00a0\u00a0\u00a0\u00a0\u00a0\u00a0\u00a0\u00a0\u00a0\u00a0\u00a0\u00a0\u00a0\u00a0\u00a0\u00a0\u00a0\u00a0\u00a0\u00a0\u00a0\u00a0\u00a0\u00a0\u00a0\u00a0\u00a0\u00a0\u00a0\u00a0\u00a0\u00a0\u00a0\u00a0\u00a0\u00a0\u00a0\u00a0\u00a0\u00a0\u00a0\u00a0\u00a0\u00a0\u00a0\u00a0\u00a0\u00a0\u00a0\u00a0\u00a0\u00a0\u00a0\u00a0\u00a0\u00a0\u00a0\u00a0\u00a0\u00a0\u00a0\u00a0\u00a0\u00a0\u00a0\u00a0\u00a0\u00a0\u00a0\u00a0\u00a0\u00a0\u00a0\u00a0\u00a0\u00a0\u00a0\u00a0\u00a0\u00a0\u00a0\u00a0\u00a0\u00a0\u00a0\u00a0\u00a0\u00a0\u00a0\u00a0 <strong>5<sup>\u00e8me<\/sup> livraison d\u2019\u00e9quipements au CHU Ibn el Jazzar<\/strong><\/p>\n<p>Dans le cadre de la campagne de collecte de fonds destin\u00e9s \u00e0 l\u2019achat d\u2019\u00e9quipements m\u00e9dicaux pour les \u00e9tablissements hospitaliers de la r\u00e9gion une livraison de m\u00e9dicaments d\u2019une valeur de 22.MD, la cinqui\u00e8me depuis le d\u00e9but de l\u2019\u00e9pid\u00e9mie, a \u00e9t\u00e9 remise, mercredi dernier, aux responsables du CHU Ibn El Jazzar de Kairouan. Il s\u2019agit de 4000 masques de protection ,800 casaques, 800 combinaisons, 200 blouses et 400 sur bottes et ce dans l\u2019attente de l\u2019arriv\u00e9e tr\u00e8s prochainement d\u2019un \u00e9chographe cardiaque, d\u2019un respirateur et de nombreux .scops de surveillance.\u00a0\u00a0\u00a0\u00a0\u00a0\u00a0\u00a0\u00a0\u00a0\u00a0\u00a0\u00a0\u00a0\u00a0\u00a0\u00a0\u00a0\u00a0\u00a0\u00a0\u00a0\u00a0\u00a0\u00a0\u00a0\u00a0\u00a0\u00a0\u00a0\u00a0\u00a0\u00a0\u00a0\u00a0\u00a0\u00a0\u00a0\u00a0\u00a0\u00a0\u00a0\u00a0\u00a0\u00a0\u00a0\u00a0\u00a0\u00a0\u00a0\u00a0\u00a0\u00a0\u00a0\u00a0\u00a0\u00a0\u00a0\u00a0\u00a0\u00a0\u00a0\u00a0\u00a0\u00a0\u00a0\u00a0\u00a0\u00a0\u00a0\u00a0\u00a0\u00a0\u00a0\u00a0\u00a0\u00a0\u00a0\u00a0\u00a0\u00a0\u00a0\u00a0\u00a0\u00a0\u00a0\u00a0\u00a0\u00a0\u00a0\u00a0\u00a0\u00a0\u00a0\u00a0\u00a0\u00a0\u00a0\u00a0\u00a0\u00a0\u00a0\u00a0\u00a0\u00a0\u00a0\u00a0\u00a0\u00a0\u00a0\u00a0\u00a0\u00a0\u00a0\u00a0\u00a0\u00a0\u00a0\u00a0\u00a0\u00a0\u00a0\u00a0\u00a0\u00a0\u00a0\u00a0\u00a0\u00a0\u00a0\u00a0\u00a0\u00a0\u00a0\u00a0\u00a0\u00a0\u00a0\u00a0\u00a0\u00a0\u00a0\u00a0\u00a0\u00a0\u00a0\u00a0\u00a0\u00a0\u00a0\u00a0\u00a0\u00a0\u00a0\u00a0\u00a0\u00a0\u00a0\u00a0\u00a0\u00a0\u00a0\u00a0\u00a0\u00a0\u00a0\u00a0\u00a0\u00a0\u00a0\u00a0\u00a0\u00a0\u00a0\u00a0\u00a0\u00a0\u00a0\u00a0\u00a0\u00a0\u00a0\u00a0\u00a0\u00a0\u00a0\u00a0\u00a0\u00a0\u00a0\u00a0\u00a0\u00a0\u00a0\u00a0\u00a0\u00a0\u00a0\u00a0\u00a0\u00a0\u00a0\u00a0\u00a0\u00a0\u00a0\u00a0\u00a0\u00a0\u00a0\u00a0<\/p>\n<p><strong>2042 tonnes de semoule distribu\u00e9es<\/strong><\/p>\n<p>Pour r\u00e9pondre \u00e0 la demande\u00a0 grandissante de la population en\u00a0 produits alimentaires de base \u00e0 l\u2019instar de la farine, de la semoule et de l\u2019huile v\u00e9g\u00e9tale, notamment dans les r\u00e9gions rurales et selon Sihem Mabrouk, la directrice r\u00e9gionale de commerce de Kairouan, plus de 2042 tonnes de semoule ont \u00e9t\u00e9 distribu\u00e9es durant la p\u00e9riode allant du 23 Mars 2020\u00a0 au 15 Avril 2020\u00a0 aux commer\u00e7ants de d\u00e9tail dans toutes les d\u00e9l\u00e9gations du gouvernorat .<\/p>\n<p>A propos de l\u2019absence constat\u00e9e de la farine et la semoule emball\u00e9es dans les rayons des grandes surfaces et dans les \u00e9tals des \u00e9piceries, la directrice r\u00e9gionale du Commerce a indiqu\u00e9 que des livraisons de ces produits emball\u00e9s arrivent quotidiennement dans les grandes surfaces et aux \u00e9piceries. \u00ab L\u2019affolement des consommateurs et aussi des professionnels (p\u00e2tissiers, par exemple) a contribu\u00e9 \u00e0 cette situation \u00bb, a-t-elle ajout\u00e9<\/p>\n<p>D\u2019autre part la brigade de contr\u00f4le \u00e9conomique de la r\u00e9gion multiplie ses tourn\u00e9es de contr\u00f4le pour sanctionner s\u00e9v\u00e8rement les sp\u00e9culateurs. Elle a jusque-l\u00e0 adress\u00e9 plus de 172 proc\u00e8s-verbaux \u00e0 l\u2019encontre des commer\u00e7ants impliqu\u00e9s dans des affaires de sp\u00e9culation et de monopole et de hausses illicites des prix sur les produits alimentaires de premi\u00e8res n\u00e9cessit\u00e9s.<\/p>\n<p><strong>Soutien pour nos enfants dans les pays lointains<\/strong><\/p>\n<p>Certains parents d\u2019\u00e9l\u00e8ves dont les enfants poursuivent leurs \u00e9tudes sup\u00e9rieures dans les r\u00e9gions \u00e9loign\u00e9es des capitales, comme c\u2019est le cas en Russie, lancent un appel aux autorit\u00e9s de notre pays pour se mettre en contact avec ces \u00e9tudiants majoritairement sans bourses d\u2019\u00e9tudes. Ils sont, le plus souvent, \u00e0 niveau avanc\u00e9 dans des \u00e9tudes diff\u00e9rentes sp\u00e9cialit\u00e9s en m\u00e9decine. Notre ambassade \u00e0 Moscou est appel\u00e9e \u00e0 les contacter ; n\u2019est-ce que pour un soutien moral. Et pourquoi pas une aide financi\u00e8re, en attendant la fin du confinement.<\/p>\n<p><strong>Usurpateurs de logements<\/strong><\/p>\n<p>C\u2019est le cas \u00e0 Oueslatia ou un citoyen, faisant fi de toutes les lois en vigueur dans notre pays, s\u2019est empar\u00e9 de trois villas sur lesquelles il n\u2019a aucun droit tout en d\u00e9logeant ses occupants du moment. Les arr\u00eats des tribunaux lui intimant l\u2019ordre de rendre leurs biens \u00e0 leurs propri\u00e9taires, avec une condamnation de prison ferme, n\u2019ont pas \u00e9t\u00e9 jusque-l\u00e0 ex\u00e9cut\u00e9s.<\/p>\n<p class=\"c2\"><strong>N\u00e9ji KHAMMARI<\/strong><\/p>\n<p>Auteur: letemps1<br \/>\n<a href=\"http:\/\/www.letemps.com.tn\/article\/113012\/baisse-du-nombre-des-confin%C3%A9s-%C3%A0-kairouan\">Cliquez ici pour lire l&rsquo;article depuis sa source.<\/a><\/p>\n","protected":false},"excerpt":{"rendered":"<p>Le gouvernorat de Kairouan a enregistr\u00e9 une baisse sensible du nombre de personnes plac\u00e9es en confinement .En effet, il compte actuellement cinq cas contamin\u00e9s par le coronavirus qui poursuivent leur traitement dans un centre d\u2019accueil \u00e0 Monastir. Alors que seize cas sont plac\u00e9s en auto-isolement et quatre cas en confinement obligatoire. Quant au nombre de [&hellip;]<\/p>\n","protected":false},"author":1773,"featured_media":0,"comment_status":"closed","ping_status":"closed","sticky":false,"template":"","format":"standard","meta":{"fifu_image_url":"","fifu_image_alt":"","footnotes":""},"categories":[73,55],"tags":[],"class_list":["post-82834","post","type-post","status-publish","format-standard","hentry","category-actualite","category-tunisie"],"_links":{"self":[{"href":"https:\/\/linitiative.ca\/International\/wp-json\/wp\/v2\/posts\/82834","targetHints":{"allow":["GET"]}}],"collection":[{"href":"https:\/\/linitiative.ca\/International\/wp-json\/wp\/v2\/posts"}],"about":[{"href":"https:\/\/linitiative.ca\/International\/wp-json\/wp\/v2\/types\/post"}],"author":[{"embeddable":true,"href":"https:\/\/linitiative.ca\/International\/wp-json\/wp\/v2\/users\/1773"}],"replies":[{"embeddable":true,"href":"https:\/\/linitiative.ca\/International\/wp-json\/wp\/v2\/comments?post=82834"}],"version-history":[{"count":0,"href":"https:\/\/linitiative.ca\/International\/wp-json\/wp\/v2\/posts\/82834\/revisions"}],"wp:attachment":[{"href":"https:\/\/linitiative.ca\/International\/wp-json\/wp\/v2\/media?parent=82834"}],"wp:term":[{"taxonomy":"category","embeddable":true,"href":"https:\/\/linitiative.ca\/International\/wp-json\/wp\/v2\/categories?post=82834"},{"taxonomy":"post_tag","embeddable":true,"href":"https:\/\/linitiative.ca\/International\/wp-json\/wp\/v2\/tags?post=82834"}],"curies":[{"name":"wp","href":"https:\/\/api.w.org\/{rel}","templated":true}]}}