{"id":82837,"date":"2020-04-19T15:11:33","date_gmt":"2020-04-19T19:11:33","guid":{"rendered":"https:\/\/linitiative.ca\/International\/pros-belkebla-plaide-pour-larret-de-la-ligue-1-conforama\/"},"modified":"2020-04-19T15:11:33","modified_gmt":"2020-04-19T19:11:33","slug":"pros-belkebla-plaide-pour-larret-de-la-ligue-1-conforama","status":"publish","type":"post","link":"https:\/\/linitiative.ca\/International\/pros-belkebla-plaide-pour-larret-de-la-ligue-1-conforama\/","title":{"rendered":"Pros : Belkebla plaide pour l\u2019arr\u00eat de la Ligue 1 Conforama"},"content":{"rendered":"<div readability=\"32\">\n<p>Auteur : <span>Riad O.<\/span> <span class=\"time\">dimanche 19 avril 2020 16:48<\/span><\/p>\n<\/div>\n<div id=\"post_core\" readability=\"49\">\n<p>Interrog\u00e9 par le m\u00e9dia fran\u00e7ais, Centre Presse, le joueur milieu de terrain Alg\u00e9rien du Stade Brestois, Haris Belkebla n\u2019a pas cach\u00e9 son inqui\u00e9tude quant \u00e0 une possible reprise de la comp\u00e9tition dans les semaines \u00e0 venir\u00a0:\u00a0\u00abPersonnellement, physiquement, je me suis bien entretenu et j&rsquo;ai fait attention \u00e0 ce que j&rsquo;ai mang\u00e9. Je pense que je peux retrouver assez rapidement la forme pour jouer. Mais, effectivement, certains auront peut-\u00eatre plus de mal: si l&rsquo;on suit ce qui se murmure, on devrait avoir un petit mois pour travailler avant d&rsquo;encha\u00eener les matchs tous les trois jours. Il y a donc un vrai risque de blessure (\u2026) Si l&rsquo;on reprend en mai, il y aura encore un risque. Certains de mes co\u00e9quipiers l&rsquo;ont soulign\u00e9 dans nos \u00e9changes: au centre d&rsquo;entra\u00eenement, on est une quarantaine tous les jours&#8230; Et puis, les enfants des joueurs auront repris l&rsquo;\u00e9cole&#8230; Et comment on fera lors des d\u00e9placements en avion, \u00e0 l&rsquo;h\u00f4tel? Cela me semble un peu risqu\u00e9. En plus, l&rsquo;id\u00e9e de jouer un match sans supporteurs en tribune, ce n&rsquo;est pas vraiment du foot. C&rsquo;est d\u00e9licat&#8230; Cela me semble pr\u00e9matur\u00e9. Je pense qu&rsquo;on ferait mieux d&rsquo;arr\u00eater la saison l\u00e0.\u00bb<\/p>\n<p><strong>Publi\u00e9 dans :<\/strong> <span>Belkebla<\/span><\/p>\n<\/div>\n<p>Auteur:<br \/>\n<a href=\"http:\/\/www.lebuteur.com\/article\/detail?titre=belkebla-plaide-pour-larret-de-la-ligue-1-conforama&#038;id=95676&#038;utm_source=feedburner&#038;utm_medium=feed&#038;utm_campaign=Feed%3A+GalerieFArtciles+%28Les+derniers+articles++-+lebuteur.com%29\">Cliquez ici pour lire l&rsquo;article depuis sa source.<\/a><\/p>\n","protected":false},"excerpt":{"rendered":"<p>Auteur : Riad O. dimanche 19 avril 2020 16:48 Interrog\u00e9 par le m\u00e9dia fran\u00e7ais, Centre Presse, le joueur milieu de terrain Alg\u00e9rien du Stade Brestois, Haris Belkebla n\u2019a pas cach\u00e9 son inqui\u00e9tude quant \u00e0 une possible reprise de la comp\u00e9tition dans les semaines \u00e0 venir\u00a0:\u00a0\u00abPersonnellement, physiquement, je me suis bien entretenu et j&rsquo;ai fait attention [&hellip;]<\/p>\n","protected":false},"author":1738,"featured_media":82838,"comment_status":"closed","ping_status":"closed","sticky":false,"template":"","format":"standard","meta":{"fifu_image_url":"","fifu_image_alt":"","footnotes":""},"categories":[53,75],"tags":[],"class_list":["post-82837","post","type-post","status-publish","format-standard","has-post-thumbnail","hentry","category-algerie","category-sport"],"_links":{"self":[{"href":"https:\/\/linitiative.ca\/International\/wp-json\/wp\/v2\/posts\/82837","targetHints":{"allow":["GET"]}}],"collection":[{"href":"https:\/\/linitiative.ca\/International\/wp-json\/wp\/v2\/posts"}],"about":[{"href":"https:\/\/linitiative.ca\/International\/wp-json\/wp\/v2\/types\/post"}],"author":[{"embeddable":true,"href":"https:\/\/linitiative.ca\/International\/wp-json\/wp\/v2\/users\/1738"}],"replies":[{"embeddable":true,"href":"https:\/\/linitiative.ca\/International\/wp-json\/wp\/v2\/comments?post=82837"}],"version-history":[{"count":0,"href":"https:\/\/linitiative.ca\/International\/wp-json\/wp\/v2\/posts\/82837\/revisions"}],"wp:featuredmedia":[{"embeddable":true,"href":"https:\/\/linitiative.ca\/International\/wp-json\/"}],"wp:attachment":[{"href":"https:\/\/linitiative.ca\/International\/wp-json\/wp\/v2\/media?parent=82837"}],"wp:term":[{"taxonomy":"category","embeddable":true,"href":"https:\/\/linitiative.ca\/International\/wp-json\/wp\/v2\/categories?post=82837"},{"taxonomy":"post_tag","embeddable":true,"href":"https:\/\/linitiative.ca\/International\/wp-json\/wp\/v2\/tags?post=82837"}],"curies":[{"name":"wp","href":"https:\/\/api.w.org\/{rel}","templated":true}]}}