{"id":82839,"date":"2020-04-19T15:11:36","date_gmt":"2020-04-19T19:11:36","guid":{"rendered":"https:\/\/linitiative.ca\/International\/pros-bounedjah-a-tranche-pour-son-avenir\/"},"modified":"2020-04-19T15:11:36","modified_gmt":"2020-04-19T19:11:36","slug":"pros-bounedjah-a-tranche-pour-son-avenir","status":"publish","type":"post","link":"https:\/\/linitiative.ca\/International\/pros-bounedjah-a-tranche-pour-son-avenir\/","title":{"rendered":"Pros : Bounedjah a tranch\u00e9 pour son avenir"},"content":{"rendered":"<div readability=\"32\">\n<p>Auteur : <span>Riad O.<\/span> <span class=\"time\">dimanche 19 avril 2020 17:05<\/span><\/p>\n<\/div>\n<div id=\"post_core\" readability=\"39\">\n<p>L\u2019attaquant Alg\u00e9rien d\u2019Al Sadd, Baghdad Bounedjah a lanc\u00e9 un message concernant son avenir avec le club Qatari. Annonc\u00e9 r\u00e9cemment avec insistance dans le viseur de plusieurs formations saoudienne, le joueur de l\u2019EN, et lors d\u2019in live sur Instagram, a r\u00e9pondu \u00e0 une question relative \u00e0 son possible transfert \u00e0 Al Ahli en indiquant\u00a0:\u00a0\u00abAl Sadd et seulement Al Sadd\u00bb Une fa\u00e7on \u00e0 lui de montrer qu\u2019il se voit rester longtemps avec son team.<\/p>\n<p><strong>Publi\u00e9 dans :<\/strong> <span>Bounedjah<\/span><\/p>\n<\/div>\n<p>Auteur:<br \/>\n<a href=\"http:\/\/www.lebuteur.com\/article\/detail?titre=bounedjah-a-tranche-pour-son-avenir&#038;id=95677&#038;utm_source=feedburner&#038;utm_medium=feed&#038;utm_campaign=Feed%3A+GalerieFArtciles+%28Les+derniers+articles++-+lebuteur.com%29\">Cliquez ici pour lire l&rsquo;article depuis sa source.<\/a><\/p>\n","protected":false},"excerpt":{"rendered":"<p>Auteur : Riad O. dimanche 19 avril 2020 17:05 L\u2019attaquant Alg\u00e9rien d\u2019Al Sadd, Baghdad Bounedjah a lanc\u00e9 un message concernant son avenir avec le club Qatari. Annonc\u00e9 r\u00e9cemment avec insistance dans le viseur de plusieurs formations saoudienne, le joueur de l\u2019EN, et lors d\u2019in live sur Instagram, a r\u00e9pondu \u00e0 une question relative \u00e0 son [&hellip;]<\/p>\n","protected":false},"author":1738,"featured_media":82840,"comment_status":"closed","ping_status":"closed","sticky":false,"template":"","format":"standard","meta":{"fifu_image_url":"","fifu_image_alt":"","footnotes":""},"categories":[53,75],"tags":[],"class_list":["post-82839","post","type-post","status-publish","format-standard","has-post-thumbnail","hentry","category-algerie","category-sport"],"_links":{"self":[{"href":"https:\/\/linitiative.ca\/International\/wp-json\/wp\/v2\/posts\/82839","targetHints":{"allow":["GET"]}}],"collection":[{"href":"https:\/\/linitiative.ca\/International\/wp-json\/wp\/v2\/posts"}],"about":[{"href":"https:\/\/linitiative.ca\/International\/wp-json\/wp\/v2\/types\/post"}],"author":[{"embeddable":true,"href":"https:\/\/linitiative.ca\/International\/wp-json\/wp\/v2\/users\/1738"}],"replies":[{"embeddable":true,"href":"https:\/\/linitiative.ca\/International\/wp-json\/wp\/v2\/comments?post=82839"}],"version-history":[{"count":0,"href":"https:\/\/linitiative.ca\/International\/wp-json\/wp\/v2\/posts\/82839\/revisions"}],"wp:featuredmedia":[{"embeddable":true,"href":"https:\/\/linitiative.ca\/International\/wp-json\/"}],"wp:attachment":[{"href":"https:\/\/linitiative.ca\/International\/wp-json\/wp\/v2\/media?parent=82839"}],"wp:term":[{"taxonomy":"category","embeddable":true,"href":"https:\/\/linitiative.ca\/International\/wp-json\/wp\/v2\/categories?post=82839"},{"taxonomy":"post_tag","embeddable":true,"href":"https:\/\/linitiative.ca\/International\/wp-json\/wp\/v2\/tags?post=82839"}],"curies":[{"name":"wp","href":"https:\/\/api.w.org\/{rel}","templated":true}]}}