{"id":82845,"date":"2020-04-19T15:11:42","date_gmt":"2020-04-19T19:11:42","guid":{"rendered":"https:\/\/linitiative.ca\/International\/international-real-sept-joueurs-risquent-de-passer-a-la-trappe-cet-ete\/"},"modified":"2020-04-19T15:11:42","modified_gmt":"2020-04-19T19:11:42","slug":"international-real-sept-joueurs-risquent-de-passer-a-la-trappe-cet-ete","status":"publish","type":"post","link":"https:\/\/linitiative.ca\/International\/international-real-sept-joueurs-risquent-de-passer-a-la-trappe-cet-ete\/","title":{"rendered":"International : Real : Sept joueurs risquent de passer \u00e0 la trappe cet \u00e9t\u00e9"},"content":{"rendered":"<div readability=\"32\">\n<p>Auteur : <span class=\"time\">dimanche 19 avril 2020 19:28<\/span><\/p>\n<\/div>\n<div id=\"post_core\" readability=\"54\">\n<p>Soucieux de r\u00e9colter des liquidit\u00e9s pour pouvoir recruter, alors que le coronavirus touche aussi les finances des clubs les plus riches, le Real Madrid souhaiterait en premier lieu se s\u00e9parer de deux de ses principales valeurs marchandes, que sont <strong>Gareth Bale et James Rodriguez<\/strong>. \u00c2g\u00e9 de 26 ans et anciennement pass\u00e9 par l&rsquo;Olympique Lyonnais, <strong>Mariano Diaz<\/strong> est lui aussi pouss\u00e9 vers la sortie, lui qui n&rsquo;a disput\u00e9 que quatre rencontres cette saison comme le souligne Goal.\u00a0<\/p>\n<p>De plus, les Espagnols <strong>Lucas Vazquez, Nacho et\u00a0Alvaro Odriozola<\/strong>, courtis\u00e9s, ne seront pas retenus non plus. Enfin, Alphonse Areola, pr\u00eat\u00e9 par le PSG et cantonn\u00e9 \u00e0 un r\u00f4le de doublure de Thibaut Courtois, va lui aussi quitter la capitale espagnole. Autant dire que les recruteurs madril\u00e8nes ont du pain sur la planche pour constituer un groupe de qualit\u00e9.<\/p>\n<p><strong>Publi\u00e9 dans :<\/strong> <span>real madrid<\/span><\/p>\n<\/div>\n<p>Auteur:<br \/>\n<a href=\"http:\/\/www.lebuteur.com\/article\/detail?titre=real-sept-joueurs-risquent-de-passer-a-la-trappe-cet-ete&#038;id=95680&#038;utm_source=feedburner&#038;utm_medium=feed&#038;utm_campaign=Feed%3A+GalerieFArtciles+%28Les+derniers+articles++-+lebuteur.com%29\">Cliquez ici pour lire l&rsquo;article depuis sa source.<\/a><\/p>\n","protected":false},"excerpt":{"rendered":"<p>Auteur : dimanche 19 avril 2020 19:28 Soucieux de r\u00e9colter des liquidit\u00e9s pour pouvoir recruter, alors que le coronavirus touche aussi les finances des clubs les plus riches, le Real Madrid souhaiterait en premier lieu se s\u00e9parer de deux de ses principales valeurs marchandes, que sont Gareth Bale et James Rodriguez. \u00c2g\u00e9 de 26 ans [&hellip;]<\/p>\n","protected":false},"author":1738,"featured_media":82846,"comment_status":"closed","ping_status":"closed","sticky":false,"template":"","format":"standard","meta":{"fifu_image_url":"","fifu_image_alt":"","footnotes":""},"categories":[53,75],"tags":[],"class_list":["post-82845","post","type-post","status-publish","format-standard","has-post-thumbnail","hentry","category-algerie","category-sport"],"_links":{"self":[{"href":"https:\/\/linitiative.ca\/International\/wp-json\/wp\/v2\/posts\/82845","targetHints":{"allow":["GET"]}}],"collection":[{"href":"https:\/\/linitiative.ca\/International\/wp-json\/wp\/v2\/posts"}],"about":[{"href":"https:\/\/linitiative.ca\/International\/wp-json\/wp\/v2\/types\/post"}],"author":[{"embeddable":true,"href":"https:\/\/linitiative.ca\/International\/wp-json\/wp\/v2\/users\/1738"}],"replies":[{"embeddable":true,"href":"https:\/\/linitiative.ca\/International\/wp-json\/wp\/v2\/comments?post=82845"}],"version-history":[{"count":0,"href":"https:\/\/linitiative.ca\/International\/wp-json\/wp\/v2\/posts\/82845\/revisions"}],"wp:featuredmedia":[{"embeddable":true,"href":"https:\/\/linitiative.ca\/International\/wp-json\/"}],"wp:attachment":[{"href":"https:\/\/linitiative.ca\/International\/wp-json\/wp\/v2\/media?parent=82845"}],"wp:term":[{"taxonomy":"category","embeddable":true,"href":"https:\/\/linitiative.ca\/International\/wp-json\/wp\/v2\/categories?post=82845"},{"taxonomy":"post_tag","embeddable":true,"href":"https:\/\/linitiative.ca\/International\/wp-json\/wp\/v2\/tags?post=82845"}],"curies":[{"name":"wp","href":"https:\/\/api.w.org\/{rel}","templated":true}]}}