{"id":82849,"date":"2020-04-19T09:30:00","date_gmt":"2020-04-19T13:30:00","guid":{"rendered":"https:\/\/linitiative.ca\/International\/le-president-tebboune-preside-une-reunion-du-conseil-des-ministres\/"},"modified":"2020-04-19T09:30:00","modified_gmt":"2020-04-19T13:30:00","slug":"le-president-tebboune-preside-une-reunion-du-conseil-des-ministres","status":"publish","type":"post","link":"https:\/\/linitiative.ca\/International\/le-president-tebboune-preside-une-reunion-du-conseil-des-ministres\/","title":{"rendered":"Le pr\u00e9sident Tebboune pr\u00e9side une r\u00e9union du Conseil des ministres"},"content":{"rendered":"<blockquote readability=\"9\">\n<p>L\u2019ordre du jour de cette r\u00e9union comprend l\u2019examen et l\u2019adoption de plusieurs expos\u00e9s minist\u00e9riels relatifs essentiellement \u00e0 la r\u00e9vision du Code p\u00e9nal et aux mesures prises en vue de relancer le cycle \u00e9conomique, apr\u00e8s la pand\u00e9mie de Coronavirus et \u00e0 la lumi\u00e8re de la r\u00e9forme de la gouvernance dans le secteur industriel.<\/p>\n<\/blockquote>\n<p>Il s\u2019agit \u00e9galement d&rsquo;examiner la situation du march\u00e9 p\u00e9trolier mondial, l&rsquo;\u00e9volution de la crise sanitaire nationale due \u00e0 la propagation du Covid-19 et de la prise en charge sociale des familles impact\u00e9es.<\/p>\n<p>Le Conseil des ministres doit se pencher \u00e9galement sur les mesures de solidarit\u00e9 pour le Ramadhan et la contribution des jeunes porteurs de projets et les start-up dans la pr\u00e9vention de cette pand\u00e9mie.<\/p>\n<p>Auteur: elmoudjahid<br \/>\n<a href=\"http:\/\/www.elmoudjahid.com\/fr\/actualites\/151735\">Cliquez ici pour lire l&rsquo;article depuis sa source.<\/a><\/p>\n","protected":false},"excerpt":{"rendered":"<p>L\u2019ordre du jour de cette r\u00e9union comprend l\u2019examen et l\u2019adoption de plusieurs expos\u00e9s minist\u00e9riels relatifs essentiellement \u00e0 la r\u00e9vision du Code p\u00e9nal et aux mesures prises en vue de relancer le cycle \u00e9conomique, apr\u00e8s la pand\u00e9mie de Coronavirus et \u00e0 la lumi\u00e8re de la r\u00e9forme de la gouvernance dans le secteur industriel. Il s\u2019agit \u00e9galement [&hellip;]<\/p>\n","protected":false},"author":1744,"featured_media":0,"comment_status":"closed","ping_status":"closed","sticky":false,"template":"","format":"standard","meta":{"fifu_image_url":"","fifu_image_alt":"","footnotes":""},"categories":[73,53],"tags":[],"class_list":["post-82849","post","type-post","status-publish","format-standard","hentry","category-actualite","category-algerie"],"_links":{"self":[{"href":"https:\/\/linitiative.ca\/International\/wp-json\/wp\/v2\/posts\/82849","targetHints":{"allow":["GET"]}}],"collection":[{"href":"https:\/\/linitiative.ca\/International\/wp-json\/wp\/v2\/posts"}],"about":[{"href":"https:\/\/linitiative.ca\/International\/wp-json\/wp\/v2\/types\/post"}],"author":[{"embeddable":true,"href":"https:\/\/linitiative.ca\/International\/wp-json\/wp\/v2\/users\/1744"}],"replies":[{"embeddable":true,"href":"https:\/\/linitiative.ca\/International\/wp-json\/wp\/v2\/comments?post=82849"}],"version-history":[{"count":0,"href":"https:\/\/linitiative.ca\/International\/wp-json\/wp\/v2\/posts\/82849\/revisions"}],"wp:attachment":[{"href":"https:\/\/linitiative.ca\/International\/wp-json\/wp\/v2\/media?parent=82849"}],"wp:term":[{"taxonomy":"category","embeddable":true,"href":"https:\/\/linitiative.ca\/International\/wp-json\/wp\/v2\/categories?post=82849"},{"taxonomy":"post_tag","embeddable":true,"href":"https:\/\/linitiative.ca\/International\/wp-json\/wp\/v2\/tags?post=82849"}],"curies":[{"name":"wp","href":"https:\/\/api.w.org\/{rel}","templated":true}]}}