{"id":82850,"date":"2020-04-19T13:08:00","date_gmt":"2020-04-19T17:08:00","guid":{"rendered":"https:\/\/linitiative.ca\/International\/ain-temouchent-une-parturiente-accouche-dans-une-ambulance\/"},"modified":"2020-04-19T13:08:00","modified_gmt":"2020-04-19T17:08:00","slug":"ain-temouchent-une-parturiente-accouche-dans-une-ambulance","status":"publish","type":"post","link":"https:\/\/linitiative.ca\/International\/ain-temouchent-une-parturiente-accouche-dans-une-ambulance\/","title":{"rendered":"AIN TEMOUCHENT : Une parturiente accouche dans une ambulance"},"content":{"rendered":"<p><br id=\"sep_para_1\" class=\"sep_para access\"\/><\/p>\n<div id=\"para_1\" class=\"para_36551244 resize\">\n<div class=\"texte access firstletter\">La protection civile confirme encore une fois qu\u2019elle reste au service des citoyens ,la preuve, c\u2019est\u00a0 au cours d\u2019une \u00e9vacuation vers l\u2019h\u00f4pital effectu\u00e9e ce dimanche matin aux environs de 1h 15mm par l\u2019unit\u00e9 de la protection civile groupe (B) de Hassi El Ghella ,qu\u2019une femme prise de douleurs a accouch\u00e9 dans l\u2019ambulance de la protection civile assist\u00e9e par les agents de secours qui ont fait leur travail en toute sagesse avec une grand professionnalisme. La parturiente a donn\u00e9 naissance \u00e0 un b\u00e9b\u00e9 de sexe f\u00e9minin .La m\u00e8re et sa nouveau-n\u00e9e qui se portent en bonne sant\u00e9\u00a0 ont \u00e9t\u00e9 transport\u00e9es vers le service de la maternit\u00e9 de Ain Temouchent.\u00a0\u00a0\u00a0\u00a0\u00a0\u00a0<\/div>\n<\/div>\n<p>Auteur: H. Bouna<br \/>\n<a href=\"https:\/\/www.reflexiondz.net\/AIN-TEMOUCHENT-Une-parturiente-accouche-dans-une-ambulance_a62089.html\">Cliquez ici pour lire l&rsquo;article depuis sa source.<\/a><\/p>\n","protected":false},"excerpt":{"rendered":"<p>La protection civile confirme encore une fois qu\u2019elle reste au service des citoyens ,la preuve, c\u2019est\u00a0 au cours d\u2019une \u00e9vacuation vers l\u2019h\u00f4pital effectu\u00e9e ce dimanche matin aux environs de 1h 15mm par l\u2019unit\u00e9 de la protection civile groupe (B) de Hassi El Ghella ,qu\u2019une femme prise de douleurs a accouch\u00e9 dans l\u2019ambulance de la protection [&hellip;]<\/p>\n","protected":false},"author":1740,"featured_media":0,"comment_status":"closed","ping_status":"closed","sticky":false,"template":"","format":"standard","meta":{"fifu_image_url":"","fifu_image_alt":"","footnotes":""},"categories":[53,76],"tags":[],"class_list":["post-82850","post","type-post","status-publish","format-standard","hentry","category-algerie","category-regions"],"_links":{"self":[{"href":"https:\/\/linitiative.ca\/International\/wp-json\/wp\/v2\/posts\/82850","targetHints":{"allow":["GET"]}}],"collection":[{"href":"https:\/\/linitiative.ca\/International\/wp-json\/wp\/v2\/posts"}],"about":[{"href":"https:\/\/linitiative.ca\/International\/wp-json\/wp\/v2\/types\/post"}],"author":[{"embeddable":true,"href":"https:\/\/linitiative.ca\/International\/wp-json\/wp\/v2\/users\/1740"}],"replies":[{"embeddable":true,"href":"https:\/\/linitiative.ca\/International\/wp-json\/wp\/v2\/comments?post=82850"}],"version-history":[{"count":0,"href":"https:\/\/linitiative.ca\/International\/wp-json\/wp\/v2\/posts\/82850\/revisions"}],"wp:attachment":[{"href":"https:\/\/linitiative.ca\/International\/wp-json\/wp\/v2\/media?parent=82850"}],"wp:term":[{"taxonomy":"category","embeddable":true,"href":"https:\/\/linitiative.ca\/International\/wp-json\/wp\/v2\/categories?post=82850"},{"taxonomy":"post_tag","embeddable":true,"href":"https:\/\/linitiative.ca\/International\/wp-json\/wp\/v2\/tags?post=82850"}],"curies":[{"name":"wp","href":"https:\/\/api.w.org\/{rel}","templated":true}]}}