{"id":82853,"date":"2020-04-19T13:08:00","date_gmt":"2020-04-19T17:08:00","guid":{"rendered":"https:\/\/linitiative.ca\/International\/ade-de-mostaganem-facilitations-des-recouvrements-des-factures-et-des-interventions-techniques\/"},"modified":"2020-04-19T13:08:00","modified_gmt":"2020-04-19T17:08:00","slug":"ade-de-mostaganem-facilitations-des-recouvrements-des-factures-et-des-interventions-techniques","status":"publish","type":"post","link":"https:\/\/linitiative.ca\/International\/ade-de-mostaganem-facilitations-des-recouvrements-des-factures-et-des-interventions-techniques\/","title":{"rendered":"ADE DE MOSTAGANEM : Facilitations des recouvrements des factures et des interventions techniques"},"content":{"rendered":"<p><br id=\"sep_para_1\" class=\"sep_para access\"\/><\/p>\n<div id=\"para_1\" class=\"para_36551307 resize\">\n<div class=\"texte access firstletter\">Prenant en consid\u00e9ration les conditions actuelles de lutte\u00a0 et\u00a0 mesures contre la propagation virale du covid19, l&rsquo;Alg\u00e9rienne des Eaux (ADE) de\u00a0 Mostaganem a pris un certain nombres de mesures pr\u00e9ventives. Parmi les plus importantes touchant directement ses abonn\u00e9s, l&rsquo;ADE a annonc\u00e9 qu&rsquo;elle a pris la d\u00e9cision d&rsquo;accorder un temps de gr\u00e2ce ,le temps de cette p\u00e9riode \u00e9pid\u00e9mique ,\u00e0 ceux de ses clients qui n&rsquo;auraient pas encore honor\u00e9 le paiement de leurs factures de consommation d&rsquo;eau. Toutefois, l&rsquo;entreprise rappelle \u00e0 ses abonn\u00e9s qu&rsquo;ils ont toujours la possibilit\u00e9 de lib\u00e9rer de leurs dettes de consommation d&rsquo;eau factur\u00e9e ,par paiement \u00e9lectronique sans avoir \u00e0 se d\u00e9placer aux caisses de l&rsquo;ADE et ce, au moyen de leur carte mon\u00e9tique.et que ses bureaux resterons ouverts avec les restrictions impos\u00e9s par la pr\u00e9vention sanitaire. Dans le m\u00eame contexte, l&rsquo;Agence de l&rsquo;eau indique\u00a0 que tous ses moyens mat\u00e9riels et humains sont mobilis\u00e9s pour continuera d&rsquo;assurer le service d&rsquo;alimentation en eau potable \u00e0 travers toutes les communes de la wilaya. En pr\u00e9vision de mois de Ramadan, l&rsquo;ADE indique que ses \u00e9quipes techniques et leurs moyens\u00a0 de ses sept (07) centres ,sont pr\u00eats, \u00e0 tout instant, pour intervenir pour effectuer toutes les op\u00e9rations des \u00e9ventuelles r\u00e9parations qui seraient n\u00e9cessaires au niveau des r\u00e9seaux d&rsquo;alimentation en eau potable et ouvrages<br \/>d&rsquo;irrigation.\u00a0\u00a0\u00a0\u00a0\u00a0\u00a0\u00a0\u00a0\u00a0\u00a0\u00a0\u00a0\u00a0\u00a0\u00a0\u00a0\u00a0\u00a0\u00a0\u00a0\u00a0\u00a0\u00a0\u00a0\u00a0\u00a0\u00a0\u00a0<\/div>\n<\/div>\n<p>Auteur: Younes Zahachi<br \/>\n<a href=\"https:\/\/www.reflexiondz.net\/ADE-DE-MOSTAGANEM-Facilitations-des-recouvrements-des-factures-et-des-interventions-techniques_a62099.html\">Cliquez ici pour lire l&rsquo;article depuis sa source.<\/a><\/p>\n","protected":false},"excerpt":{"rendered":"<p>Prenant en consid\u00e9ration les conditions actuelles de lutte\u00a0 et\u00a0 mesures contre la propagation virale du covid19, l&rsquo;Alg\u00e9rienne des Eaux (ADE) de\u00a0 Mostaganem a pris un certain nombres de mesures pr\u00e9ventives. Parmi les plus importantes touchant directement ses abonn\u00e9s, l&rsquo;ADE a annonc\u00e9 qu&rsquo;elle a pris la d\u00e9cision d&rsquo;accorder un temps de gr\u00e2ce ,le temps de cette [&hellip;]<\/p>\n","protected":false},"author":1740,"featured_media":0,"comment_status":"closed","ping_status":"closed","sticky":false,"template":"","format":"standard","meta":{"fifu_image_url":"","fifu_image_alt":"","footnotes":""},"categories":[53,76],"tags":[],"class_list":["post-82853","post","type-post","status-publish","format-standard","hentry","category-algerie","category-regions"],"_links":{"self":[{"href":"https:\/\/linitiative.ca\/International\/wp-json\/wp\/v2\/posts\/82853","targetHints":{"allow":["GET"]}}],"collection":[{"href":"https:\/\/linitiative.ca\/International\/wp-json\/wp\/v2\/posts"}],"about":[{"href":"https:\/\/linitiative.ca\/International\/wp-json\/wp\/v2\/types\/post"}],"author":[{"embeddable":true,"href":"https:\/\/linitiative.ca\/International\/wp-json\/wp\/v2\/users\/1740"}],"replies":[{"embeddable":true,"href":"https:\/\/linitiative.ca\/International\/wp-json\/wp\/v2\/comments?post=82853"}],"version-history":[{"count":0,"href":"https:\/\/linitiative.ca\/International\/wp-json\/wp\/v2\/posts\/82853\/revisions"}],"wp:attachment":[{"href":"https:\/\/linitiative.ca\/International\/wp-json\/wp\/v2\/media?parent=82853"}],"wp:term":[{"taxonomy":"category","embeddable":true,"href":"https:\/\/linitiative.ca\/International\/wp-json\/wp\/v2\/categories?post=82853"},{"taxonomy":"post_tag","embeddable":true,"href":"https:\/\/linitiative.ca\/International\/wp-json\/wp\/v2\/tags?post=82853"}],"curies":[{"name":"wp","href":"https:\/\/api.w.org\/{rel}","templated":true}]}}