{"id":82854,"date":"2020-04-19T13:30:00","date_gmt":"2020-04-19T17:30:00","guid":{"rendered":"https:\/\/linitiative.ca\/International\/pour-berkani-le-mois-de-ramadhan-sera-decisif-a-lepidemie\/"},"modified":"2020-04-19T13:30:00","modified_gmt":"2020-04-19T17:30:00","slug":"pour-berkani-le-mois-de-ramadhan-sera-decisif-a-lepidemie","status":"publish","type":"post","link":"https:\/\/linitiative.ca\/International\/pour-berkani-le-mois-de-ramadhan-sera-decisif-a-lepidemie\/","title":{"rendered":"Pour Berkani, le mois de Ramadhan sera d\u00e9cisif \u00e0 l\u2019\u00e9pid\u00e9mie"},"content":{"rendered":"<p><br id=\"sep_para_1\" class=\"sep_para access\"\/><\/p>\n<div id=\"para_1\" class=\"para_36551612 resize\">\n<div class=\"texte access firstletter\">Le docteur Mohamed Bekkat- Berkani, membre du Comit\u00e9 scientifique de suivi de l\u2019\u00e9volution de la pand\u00e9mie du coronavirus, a indiqu\u00e9 lors d\u2019une conf\u00e9rence de presse que le mois de Ramadhan sera d\u00e9cisif \u00e0 l\u2019\u00e9pid\u00e9mie en Alg\u00e9rie. En effet, pour Dr Bekkat, \u00ab si nous nous engageons tous au respect des mesures de confinement durant le mois sacr\u00e9, nous sortirons indemnes, et l\u2019\u00e9pid\u00e9mie sera d\u00e9j\u00e0 derri\u00e8re nous \u00e0 l\u2019arriv\u00e9e de l\u2019A\u00efd El Fitr \u00bb. Le membre du comit\u00e9 scientifique s\u2019appuie sur les derni\u00e8res statistiques, notamment en mati\u00e8re de mortalit\u00e9 et des cas admis en salles de r\u00e9animation. Selon lui, le fait que l\u2019Alg\u00e9rie n\u2019a pas enregistr\u00e9 aucun d\u00e9c\u00e8s en 24 heures (bilan du 17 avril), et la baisse des cas en r\u00e9animation durant la m\u00eame p\u00e9riode est plut\u00f4t bon signe.<\/div>\n<\/div>\n<p>Auteur: R\u00e9flexion<br \/>\n<a href=\"https:\/\/www.reflexiondz.net\/Pour-Berkani-le-mois-de-Ramadhan-sera-decisif-a-l-epidemie_a62114.html\">Cliquez ici pour lire l&rsquo;article depuis sa source.<\/a><\/p>\n","protected":false},"excerpt":{"rendered":"<p>Le docteur Mohamed Bekkat- Berkani, membre du Comit\u00e9 scientifique de suivi de l\u2019\u00e9volution de la pand\u00e9mie du coronavirus, a indiqu\u00e9 lors d\u2019une conf\u00e9rence de presse que le mois de Ramadhan sera d\u00e9cisif \u00e0 l\u2019\u00e9pid\u00e9mie en Alg\u00e9rie. En effet, pour Dr Bekkat, \u00ab si nous nous engageons tous au respect des mesures de confinement durant le [&hellip;]<\/p>\n","protected":false},"author":1740,"featured_media":0,"comment_status":"closed","ping_status":"closed","sticky":false,"template":"","format":"standard","meta":{"fifu_image_url":"","fifu_image_alt":"","footnotes":""},"categories":[53,76],"tags":[],"class_list":["post-82854","post","type-post","status-publish","format-standard","hentry","category-algerie","category-regions"],"_links":{"self":[{"href":"https:\/\/linitiative.ca\/International\/wp-json\/wp\/v2\/posts\/82854","targetHints":{"allow":["GET"]}}],"collection":[{"href":"https:\/\/linitiative.ca\/International\/wp-json\/wp\/v2\/posts"}],"about":[{"href":"https:\/\/linitiative.ca\/International\/wp-json\/wp\/v2\/types\/post"}],"author":[{"embeddable":true,"href":"https:\/\/linitiative.ca\/International\/wp-json\/wp\/v2\/users\/1740"}],"replies":[{"embeddable":true,"href":"https:\/\/linitiative.ca\/International\/wp-json\/wp\/v2\/comments?post=82854"}],"version-history":[{"count":0,"href":"https:\/\/linitiative.ca\/International\/wp-json\/wp\/v2\/posts\/82854\/revisions"}],"wp:attachment":[{"href":"https:\/\/linitiative.ca\/International\/wp-json\/wp\/v2\/media?parent=82854"}],"wp:term":[{"taxonomy":"category","embeddable":true,"href":"https:\/\/linitiative.ca\/International\/wp-json\/wp\/v2\/categories?post=82854"},{"taxonomy":"post_tag","embeddable":true,"href":"https:\/\/linitiative.ca\/International\/wp-json\/wp\/v2\/tags?post=82854"}],"curies":[{"name":"wp","href":"https:\/\/api.w.org\/{rel}","templated":true}]}}