{"id":82857,"date":"2020-04-19T08:30:00","date_gmt":"2020-04-19T12:30:00","guid":{"rendered":"https:\/\/linitiative.ca\/International\/pr-rafik-boujdaria-une-bonne-tendance-mais-redoublons-defforts-face-au-covid-19-a-lapproche-du-deconfinement\/"},"modified":"2020-04-19T08:30:00","modified_gmt":"2020-04-19T12:30:00","slug":"pr-rafik-boujdaria-une-bonne-tendance-mais-redoublons-defforts-face-au-covid-19-a-lapproche-du-deconfinement","status":"publish","type":"post","link":"https:\/\/linitiative.ca\/International\/pr-rafik-boujdaria-une-bonne-tendance-mais-redoublons-defforts-face-au-covid-19-a-lapproche-du-deconfinement\/","title":{"rendered":"Pr Rafik Boujdaria : Une bonne tendance, mais redoublons d&rsquo;efforts face au Covid-19, \u00e0 l&rsquo;approche du d\u00e9confinement"},"content":{"rendered":"<p>Alors que s&rsquo;ach\u00e8ve la 4\u00e9me semaine du confinement, la tendance laisse entrevoir une \u00e9claircie. Une d\u00e9fervescence semble s&rsquo;amorcer. La strat\u00e9gie\u00a0made in Tunisia semble donner ses fruits\u2026 mais on doit rester vigilant.<\/p>\n<p>Notre taux de positivit\u00e9\u00a0des tests est de 5.64%\u00a0uniquement, nous avons r\u00e9alis\u00e9 tr\u00e8s peu de tests me diriez vous !\u00a0 Oui mais nos tests (15332) \u00e9taient cibl\u00e9s autour des malades confirm\u00e9s.<\/p>\n<p>Nos 866 malades sont concentr\u00e9s dans les zones \u00e0 haute densit\u00e9 d\u00e9mographique: le grand Tunis avec 407 (47%) le Sahel 120 (13.9%) et M\u00e9denine avec 84 (9,7%), les gouvernorats de l&rsquo;int\u00e9rieur\u00a0 avec leur faible densit\u00e9 d\u00e9mographique gardent des indices bas: \u2028KJB et Siliana 10 Kairouan 5, Kasserine 6 et Zaghouan 3.<\/p>\n<p>Tr\u00e8s peu de malades\u00a0sont hospitalis\u00e9s moins qu&rsquo;une centaine depuis le d\u00e9but.\u00a0Il se peut que les gens ne viennent pas consulter par d\u00e9ni ou par peur, mais les malades graves\u00a0viennent aux urgences et appellent le Samu.<br \/>Notre l\u00e9talit\u00e9 est de 37 (4.28%)<\/p>\n<p>La mortalit\u00e9 dans le monde varie de 1,9% en Allemagne \u00e013% en Italie.<\/p>\n<p>Passons au conditionnel, si on suppose que la\u00a0l\u00e9talit\u00e9\u00a0est\u00a0sous estim\u00e9e de 500 % !! (Hypoth\u00e8se impossible en Tunisie), on aurait 200 d\u00e9c\u00e8s au lieu de 37 !! Et si on consid\u00e8re que le taux de d\u00e9c\u00e8s est de 10% on aurait\u00a02000 malades\u00a0soit 2,3 fois plus&#8230;mais\u00a0ceci ne tient pas une seconde\u00a0car le registre des d\u00e9c\u00e8s est r\u00e9glement\u00e9, trop m\u00eame, et le taux d\u2019occupation\u00a0des lits d&rsquo;h\u00f4pital n&rsquo;est pas tr\u00e8s \u00e9lev\u00e9. Le nombre des malades nouveaux \u00e9tait de deux uniquement hier.<\/p>\n<p>Au total, le contr\u00f4le de l&rsquo;\u00e9pid\u00e9mie est une r\u00e9alit\u00e9, c\u2019est\u00a0le\u00a0fruit des efforts consentis par la nation enti\u00e8re\u00a0et par tous les secteurs l&rsquo;\u00e9tat en premier. Attention ce n&rsquo;est pas une victoire d\u00e9finitive nous devons redoubler d&rsquo;effort car\u00a0le d\u00e9confinement approche avec ses risques et ses surprises&#8230;.<\/p>\n<p class=\"c2\"><strong>Pr Rafik Boujdaria\u2028<\/strong><\/p>\n<p>Auteur:<br \/>\n<a href=\"https:\/\/www.leaders.com.tn\/article\/29718-pr-rafik-boujdaria-une-bonne-tendance-mais-redoublons-d-efforts-face-au-covid-19-a-l-approche-du-deconfinement\">Cliquez ici pour lire l&rsquo;article depuis sa source.<\/a><\/p>\n","protected":false},"excerpt":{"rendered":"<p>Alors que s&rsquo;ach\u00e8ve la 4\u00e9me semaine du confinement, la tendance laisse entrevoir une \u00e9claircie. Une d\u00e9fervescence semble s&rsquo;amorcer. La strat\u00e9gie\u00a0made in Tunisia semble donner ses fruits\u2026 mais on doit rester vigilant. Notre taux de positivit\u00e9\u00a0des tests est de 5.64%\u00a0uniquement, nous avons r\u00e9alis\u00e9 tr\u00e8s peu de tests me diriez vous !\u00a0 Oui mais nos tests (15332) [&hellip;]<\/p>\n","protected":false},"author":1772,"featured_media":0,"comment_status":"closed","ping_status":"closed","sticky":false,"template":"","format":"standard","meta":{"fifu_image_url":"","fifu_image_alt":"","footnotes":""},"categories":[73,55],"tags":[],"class_list":["post-82857","post","type-post","status-publish","format-standard","hentry","category-actualite","category-tunisie"],"_links":{"self":[{"href":"https:\/\/linitiative.ca\/International\/wp-json\/wp\/v2\/posts\/82857","targetHints":{"allow":["GET"]}}],"collection":[{"href":"https:\/\/linitiative.ca\/International\/wp-json\/wp\/v2\/posts"}],"about":[{"href":"https:\/\/linitiative.ca\/International\/wp-json\/wp\/v2\/types\/post"}],"author":[{"embeddable":true,"href":"https:\/\/linitiative.ca\/International\/wp-json\/wp\/v2\/users\/1772"}],"replies":[{"embeddable":true,"href":"https:\/\/linitiative.ca\/International\/wp-json\/wp\/v2\/comments?post=82857"}],"version-history":[{"count":0,"href":"https:\/\/linitiative.ca\/International\/wp-json\/wp\/v2\/posts\/82857\/revisions"}],"wp:attachment":[{"href":"https:\/\/linitiative.ca\/International\/wp-json\/wp\/v2\/media?parent=82857"}],"wp:term":[{"taxonomy":"category","embeddable":true,"href":"https:\/\/linitiative.ca\/International\/wp-json\/wp\/v2\/categories?post=82857"},{"taxonomy":"post_tag","embeddable":true,"href":"https:\/\/linitiative.ca\/International\/wp-json\/wp\/v2\/tags?post=82857"}],"curies":[{"name":"wp","href":"https:\/\/api.w.org\/{rel}","templated":true}]}}