{"id":82862,"date":"2020-04-19T14:29:13","date_gmt":"2020-04-19T18:29:13","guid":{"rendered":"https:\/\/linitiative.ca\/International\/ecoles-francaises-au-maroc-le-dur-combat-des-parents-deleves\/"},"modified":"2020-04-19T14:29:13","modified_gmt":"2020-04-19T18:29:13","slug":"ecoles-francaises-au-maroc-le-dur-combat-des-parents-deleves","status":"publish","type":"post","link":"https:\/\/linitiative.ca\/International\/ecoles-francaises-au-maroc-le-dur-combat-des-parents-deleves\/","title":{"rendered":"Ecoles fran\u00e7aises au Maroc : le dur combat des parents d\u2019\u00e9l\u00e8ves"},"content":{"rendered":"<p><strong>La pand\u00e9mie du coronavirus met \u00e0 rude \u00e9preuve la relation entre les parents d\u2019\u00e9l\u00e8ves et les \u00e9tablissements d\u2019enseignement.<\/strong><\/p>\n<div class=\"c10\"\/>\n<p>Depuis le d\u00e9clenchement de la pand\u00e9mie du covid-19 ayant pouss\u00e9 les autorit\u00e9s marocaines \u00e0 prendre plusieurs mesures dont la suspension des cours au niveau de tous les \u00e9tablissements scolaires et universit\u00e9s pour limiter sa propagation, les parents d\u2019\u00e9l\u00e8ves sont dans une situation inextricable. Ainsi, de son c\u00f4t\u00e9, le groupement d\u2019Associations de parents d\u2019\u00e9l\u00e8ves (API, APEK, CAPE et PEEP) souligne qu\u2019il a, d\u00e8s le d\u00e9but de la pand\u00e9mie, largement relay\u00e9 les inqui\u00e9tudes remont\u00e9es par les parents, au niveau des diff\u00e9rentes autorit\u00e9s fran\u00e7aises. Notons que le groupement a entrepris plusieurs d\u00e9marches pour faire entendre la voix de ses membres aupr\u00e8s des autorit\u00e9s concern\u00e9es.<\/p>\n<p>\u00ab\u00a0Les Associations du groupement sont engag\u00e9es \u00e0 d\u00e9fendre les int\u00e9r\u00eats des \u00e9l\u00e8ves et des parents et plaident pour une prise de d\u00e9cision concert\u00e9e et constructive. Ce n\u2019est malheureusement pas encore le cas partout actuellement. Certes, le peu de concertation avec les repr\u00e9sentants officiels locaux, peut \u00eatre montr\u00e9e du doigt, mais nous avons conscience de devoir resserrer nos rangs et continuer \u00e0 sensibiliser au plus haut lieu, compte tenu de la dimension et des cons\u00e9quences que cela n\u00e9cessite pour d\u00e9passer cette crise in\u00e9dite\u00a0\u00bb, r\u00e9v\u00e8le le groupement.<\/p>\n<p>Lire aussi: <a href=\"https:\/\/www.challenge.ma\/wafr-veut-democratiser-les-paiements-mobiles-en-epicerie-137756\/\">WAFR veut d\u00e9mocratiser les paiements mobiles en \u00e9picerie<\/a><\/p>\n<p>Rappelons que le groupement a adress\u00e9 un\u00a0 courriel \u00e0 H\u00e9l\u00e8ne Le Gal, Ambassadrice de France au Maroc, en date du 31 mars. Un courriel dans lequel il a pr\u00e9sent\u00e9 ses propositions pour soulager les parents d\u2019\u00e9l\u00e8ves et a aussi appel\u00e9 le r\u00e9seau AEFE \u00e0 montrer sa dimension mondiale par une solidarit\u00e9 envers les familles avec qui il \u0153uvre, dans une volont\u00e9 de sauvegarde, de partage et d\u2019\u00e9quit\u00e9. \u00ab\u00a0L\u2019engagement exemplaire, de toutes et tous, a permis de maintenir jusqu\u2019\u00e0 pr\u00e9sent une continuit\u00e9 de l\u2019enseignement, quand bien m\u00eame ces limites. Aussi, il nous parait pertinent de prendre des mesures ad\u00e9quates pour maintenir les \u00e9quilibres p\u00e9dagogiques et financiers impact\u00e9s, pour d\u00e9passer la situation actuelle\u00a0\u00bb, \u00e9crit le groupe dans son courriel, ajoutant que la crise actuelle a d\u00e9montr\u00e9 les limites de l\u2019enseignement \u00e0 distance, et ce \u00e0 travers le manque d\u2019homog\u00e9n\u00e9it\u00e9 des dispositifs p\u00e9dagogiques et aussi les conditions d\u2019apprentissage in\u00e9gales d\u2019une famille \u00e0 l\u2019autre.<\/p>\n<p>\u00ab\u00a0Il apparait ainsi que le maintien des conditions de frais de scolarit\u00e9 en l\u2019\u00e9tat, comme si de rien n\u2019\u00e9tait, ne ferait qu\u2019exposer les familles du r\u00e9seau \u00e0 plus de vuln\u00e9rabilit\u00e9, au risque d\u2019enregistrer des d\u00e9parts massifs lors de la prochaine rentr\u00e9e. Il est donc important, en ces temps in\u00e9dits, de montrer aux familles la solidarit\u00e9 qu\u2019elles-m\u00eames ont d\u00e9montr\u00e9es ces derni\u00e8res ann\u00e9es, en assumant de larges augmentations de frais de scolarit\u00e9 pour financer, entre autres, les projets immobiliers de leur \u00e9tablissement\u00a0\u00bb, poursuit le groupement des associations de parents d\u2019\u00e9l\u00e8ves.<\/p>\n<p>En ce qui concerne les mesures urgentes \u00e0 prendre \u00e9num\u00e9r\u00e9es par le groupe dans son courriel, on note la mise en place d\u2019une aide de l\u2019\u00c9tat fran\u00e7ais par la mise en place de bourses exceptionnelles pour les citoyens fran\u00e7ais, une aide de l\u2019AEFE \u00e0 travers une contribution \u00e0 la caisse de solidarit\u00e9 de l\u2019\u00e9tablissement pour les familles non-fran\u00e7aises (donation qui pourra \u00eatre compl\u00e9t\u00e9e par celles d\u2019autres parents qui soient dans la mesure de le faire), une exon\u00e9ration sur les frais de scolarit\u00e9 du troisi\u00e8me trimestre de l\u2019ann\u00e9e scolaire 2019\/2020, remboursement des avances sur les voyages d\u00e9j\u00e0 vers\u00e9es, remboursement des frais de cantine depuis l\u2019implantation de l\u2019\u00e9cole \u00e0 distance, remboursement des frais d\u2019activit\u00e9s extrascolaires\/soutien si elles d\u00e9pendent de l\u2019\u00e9tablissement ou encore la priorisation des investissements en mati\u00e8re d\u2019analyse, de d\u00e9veloppement et d\u2019acquisition d\u2019\u00e9quipement et de solution de travail collaboratif et d\u2019enseignement \u00e0 distance tout en d\u00e9veloppant et mettant en \u0153uvre des cursus de formation des enseignants pour la d\u00e9mat\u00e9rialisation et l\u2019usage des technologies num\u00e9riques.<\/p>\n<p>\u00ab\u00a0A ce jour, aucune r\u00e9ponse claire n\u2019a \u00e9t\u00e9 faite \u00e0 nos propositions et les mailings des administrations scolaires de P\u00f4les insinuant l\u2019accord des Associations de Parents d\u2019El\u00e8ves au r\u00e8glement de la facture du 3eme trimestre dans sa totalit\u00e9, d\u00e9notent du manque de consid\u00e9ration et de transparence \u00e0 notre \u00e9gard. Mais conscients des enjeux, nous restons confiants vis \u00e0 vis du Gouvernement fran\u00e7ais, qui dans cette malheureuse crise, est conscient du poids et du r\u00f4le des parents pour la continuit\u00e9 du syst\u00e8me AEFE\u00a0\u00bb, fait remarquer le groupement dans un courrier aux parents d\u2019\u00e9l\u00e8ve en date du 11 avril.<\/p>\n<p>\u00ab\u00a0Ainsi et pour notre part, nous vous proposons, chers parents, de retarder le paiement des frais de scolarit\u00e9 du 3\u00e8me trimestre, en attendant des r\u00e9ponses claires et concert\u00e9es \u00e0 nos courriers et \u00e0 l\u2019annonce de mesures de soutien par le Secr\u00e9taire d\u2019Etat aux Affaires Etrang\u00e8res comme il l\u2019a assur\u00e9. Nous serons alors \u00e0 m\u00eame d\u2019\u00e9valuer si nous sommes consid\u00e9r\u00e9s comme otages ou comme partenaires \u00e0 part enti\u00e8re, pour avoir d\u00e9fendu et particip\u00e9 \u00e0 la continuit\u00e9 du syst\u00e8me, en pr\u00e9servant les int\u00e9r\u00eats des parents que nous sommes\u00a0\u00bb, tranche le groupement, ajoutant que sa position est confort\u00e9e par l\u2019exp\u00e9rience r\u00e9cente v\u00e9cue, \u00e0 savoir l\u2019absence de prise en consid\u00e9ration de ses propositions lors des discutions de fin d\u2019ann\u00e9e 2019 concernant les augmentations pour la rentr\u00e9e 2020-2021, et dont le r\u00e9sultat s\u2019\u00e9tait sold\u00e9 par une d\u00e9cision unilat\u00e9rale des repr\u00e9sentants locaux de l\u2019AEFE, et ce malgr\u00e9 les instructions du gouvernement fran\u00e7ais et de l\u2019agence.<\/p>\n<div class=\"c17\">\n<fieldset class=\"c16\">\n<legend><strong><span class=\"c11\">Challenge<\/span><span class=\"c12\">news<\/span><\/strong><\/legend>\n<div class=\"c15\">Le meilleur de Challenge s\u00e9lectionn\u00e9 par la r\u00e9daction :<\/p>\n<\/div>\n<\/fieldset>\n<\/div>\n<p>Auteur: challenge<br \/>\n<a href=\"https:\/\/www.challenge.ma\/coronavirus-le-dur-combat-des-parents-deleves-137885\/\">Cliquez ici pour lire l&rsquo;article depuis sa source.<\/a><\/p>\n","protected":false},"excerpt":{"rendered":"<p>La pand\u00e9mie du coronavirus met \u00e0 rude \u00e9preuve la relation entre les parents d\u2019\u00e9l\u00e8ves et les \u00e9tablissements d\u2019enseignement. Depuis le d\u00e9clenchement de la pand\u00e9mie du covid-19 ayant pouss\u00e9 les autorit\u00e9s marocaines \u00e0 prendre plusieurs mesures dont la suspension des cours au niveau de tous les \u00e9tablissements scolaires et universit\u00e9s pour limiter sa propagation, les parents [&hellip;]<\/p>\n","protected":false},"author":1787,"featured_media":0,"comment_status":"closed","ping_status":"closed","sticky":false,"template":"","format":"standard","meta":{"fifu_image_url":"","fifu_image_alt":"","footnotes":""},"categories":[78,54],"tags":[],"class_list":["post-82862","post","type-post","status-publish","format-standard","hentry","category-economie","category-maroc"],"_links":{"self":[{"href":"https:\/\/linitiative.ca\/International\/wp-json\/wp\/v2\/posts\/82862","targetHints":{"allow":["GET"]}}],"collection":[{"href":"https:\/\/linitiative.ca\/International\/wp-json\/wp\/v2\/posts"}],"about":[{"href":"https:\/\/linitiative.ca\/International\/wp-json\/wp\/v2\/types\/post"}],"author":[{"embeddable":true,"href":"https:\/\/linitiative.ca\/International\/wp-json\/wp\/v2\/users\/1787"}],"replies":[{"embeddable":true,"href":"https:\/\/linitiative.ca\/International\/wp-json\/wp\/v2\/comments?post=82862"}],"version-history":[{"count":0,"href":"https:\/\/linitiative.ca\/International\/wp-json\/wp\/v2\/posts\/82862\/revisions"}],"wp:attachment":[{"href":"https:\/\/linitiative.ca\/International\/wp-json\/wp\/v2\/media?parent=82862"}],"wp:term":[{"taxonomy":"category","embeddable":true,"href":"https:\/\/linitiative.ca\/International\/wp-json\/wp\/v2\/categories?post=82862"},{"taxonomy":"post_tag","embeddable":true,"href":"https:\/\/linitiative.ca\/International\/wp-json\/wp\/v2\/tags?post=82862"}],"curies":[{"name":"wp","href":"https:\/\/api.w.org\/{rel}","templated":true}]}}