{"id":82863,"date":"2020-04-19T16:35:48","date_gmt":"2020-04-19T20:35:48","guid":{"rendered":"https:\/\/linitiative.ca\/International\/coronavirus-le-modele-sud-coreen\/"},"modified":"2020-04-19T16:35:48","modified_gmt":"2020-04-19T20:35:48","slug":"coronavirus-le-modele-sud-coreen","status":"publish","type":"post","link":"https:\/\/linitiative.ca\/International\/coronavirus-le-modele-sud-coreen\/","title":{"rendered":"Coronavirus : le mod\u00e8le sud-cor\u00e9en"},"content":{"rendered":"<p><strong>L\u2019\u00e9mission Confidences de Presse diffus\u00e9e sur 2M s\u2019est focalis\u00e9e pour la deuxi\u00e8me semaine d\u2019affil\u00e9e sur le coronavirus. Ce dimanche 19 avril, deux experts marocains ont abord\u00e9 la situation dans leurs pays de r\u00e9sidence respectifs.<\/strong><\/p>\n<div class=\"c10\"\/>\n<p>La France et la Cor\u00e9e du Sud font partie des pays ayant enregistr\u00e9 les plus grands nombres de cas de contamination au coronavirus dans le monde. Pourtant, leur gestion de l\u2019\u00e9pid\u00e9mie diff\u00e8re. Les r\u00e9sultats aussi.<\/p>\n<p>Invit\u00e9e de l\u2019\u00e9mission Confidences de Presse diffus\u00e9e sur 2M, Samira Fafi-Kremer, directrice de l\u2019Institut de Virologie de Strasbourg, a fait \u00e9tat de l\u2019explosion des cas confirm\u00e9s dans la ville \u00e0 cause d\u2019un rassemblement religieux. R\u00e9sultat\u00a0: les h\u00f4pitaux ont \u00e9t\u00e9 d\u00e9bord\u00e9s. \u00ab\u00a0La r\u00e9gion du Grand Est a \u00e9t\u00e9 gravement touch\u00e9. Elle compte actuellement plus de 11.000 cas et plus de 2400 d\u00e9c\u00e8s\u00a0\u00bb, a soulign\u00e9 la directrice.<\/p>\n<p>Elle a par la suite expliqu\u00e9 pourquoi les nombres des contaminations sont \u00e9lev\u00e9s partout dans le monde. Selon Samira Fafi-Kremer, \u00ab\u00a0le Covid-19 a pris l\u2019humanit\u00e9 par surprise. M\u00eame si d\u2019autres virus de sa famille sont connus, il a la particularit\u00e9 d\u2019\u00eatre tr\u00e8s contagieux. Son g\u00e9nome est reconnu par notre syst\u00e8me immunitaire ce qui lui facilite l\u2019entr\u00e9e. Aussi, il est transmissible \u00e0 partir de 48h de l\u2019infection. Et puisqu\u2019il est nouveau, le corps humain n\u2019est pas immunis\u00e9\u00a0\u00bb, a not\u00e9 la directrice.<\/p>\n<p>Lire aussi : <a href=\"https:\/\/www.challenge.ma\/ce-que-vous-devez-savoir-sur-le-coronavirus-134568\/\" target=\"_blank\" rel=\"noreferrer noopener\" aria-label=\" (s&#x2019;ouvre dans un nouvel onglet)\">Ce que vous devez savoir sur le coronavirus<\/a><\/p>\n<p>Elle ajoute que le d\u00e9confinement devrait se faire de mani\u00e8re progressive, de sorte \u00e0 ne pas \u00ab\u00a0casser tous les efforts ayant permis de faire baisser la courbe des nouvelles infections, que ce soit en France ou au Maroc\u00a0\u00bb. Concernant la temp\u00e9rature, Samira Fafi-Kremer a relev\u00e9 que rien ne prouve aujourd\u2019hui qu\u2019elle affecte le Covid-19.<\/p>\n<p><strong>Les mesures sud-cor\u00e9ennes<\/strong><\/p>\n<p>Pour sa part, Samir Machour, vice-pr\u00e9sident de Samsung Biologics, a \u00e9num\u00e9r\u00e9 les raisons qui ont permis la Cor\u00e9e du Sud de relativement remporter sa bataille contre le coronavirus. \u00ab\u00a0Le pays a pu limiter la propagation du Covid-19 gr\u00e2ce aux mesures prises tr\u00e8s t\u00f4t. \u00a0Tout d\u2019abord, l\u2019\u00e9tat de la pr\u00e9paration\u00a0: l\u2019organisation (regroupant minist\u00e8res, autorit\u00e9s, organismes priv\u00e9s\u2026) mise en place en 2015 pour combattre le SARS a \u00e9t\u00e9 d\u00e9ploy\u00e9e en moins de 24 heures. Aussi, la Cor\u00e9e du Sud a commenc\u00e9 \u00e0 produire les kits de d\u00e9pistage le 17 janvier, soit une semaine avant l\u2019apparition du premier cas. Le pays effectue actuellement 20.000 tests par jour. Troisi\u00e8me mesure\u00a0: l\u2019utilisation des applications de contacts tracing, permettant de remonter les personnes qui \u00e9taient en contact avec les cas d\u00e9clar\u00e9s positifs, en plus des mouvements de ces derniers\u00a0\u00bb.<\/p>\n<p>R\u00e9sultat\u00a0: le pays compte aujourd\u2019hui 10.600 infect\u00e9s, dont 8000 sont gu\u00e9ris. La Cor\u00e9e du Sud a enregistr\u00e9 235 morts, dont seulement 2 d\u00e9c\u00e8s \u00e0 S\u00e9oul depuis l\u2019apparition du premier cas le 24 janvier. \u00ab\u00a0Ces chiffres sont incomparables avec la France, l\u2019Italie, les Etats-Unis, l\u2019Espagne et le Canada\u00a0\u00bb, a not\u00e9 le vice-pr\u00e9sident. Il a par la suite relev\u00e9 que les entreprises ont assist\u00e9 les autorit\u00e9s lors de ce combat et que l\u2019\u00e9conomie n\u2019a pas arr\u00eat\u00e9 de tourner. Il n\u2019y a que les \u00e9coles qui ont ferm\u00e9.<\/p>\n<p>Lire aussi : <a href=\"https:\/\/www.challenge.ma\/maroc-pays-confine-mais-aussi-maroc-pays-decomplexe-137746\/\" target=\"_blank\" rel=\"noreferrer noopener\" aria-label=\" (s&#x2019;ouvre dans un nouvel onglet)\">Maroc pays confin\u00e9, mais aussi, Maroc pays d\u00e9complex\u00e9<\/a><\/p>\n<p>En Cor\u00e9e du Sud, le confinement n\u2019a pas \u00e9t\u00e9 appliqu\u00e9. Les masques sont port\u00e9s par tout le monde et la prise de temp\u00e9rature g\u00e9n\u00e9ralis\u00e9e. Par contre, la quarantaine est religieusement respect\u00e9e.<\/p>\n<p>Concernant les vaccins, Samir Machour a relev\u00e9 que 115 sont actuellement d\u00e9velopp\u00e9s, dont 5 seulement (3 aux Etats-Unis et 2 en Chine) sont en tests cliniques. Par rapport aux traitements, il a not\u00e9 qu\u2019il y en a 9 actuellement, dont des traitements qui existent pour d\u2019autres maladies et d\u2019autres en phase clinique. \u00ab\u00a0Je reste confiant qu\u2019on trouvera une solution, que ce soit un vaccin ou un traitement, d\u2019ici septembre\u00a0\u00bb, a confi\u00e9 le vice-pr\u00e9sident de Samsung Biologics.<\/p>\n<div class=\"c17\">\n<fieldset class=\"c16\">\n<legend><strong><span class=\"c11\">Challenge<\/span><span class=\"c12\">news<\/span><\/strong><\/legend>\n<div class=\"c15\">Le meilleur de Challenge s\u00e9lectionn\u00e9 par la r\u00e9daction :<\/p>\n<\/div>\n<\/fieldset>\n<\/div>\n<p>Auteur: Karim Handaoui<br \/>\n<a href=\"https:\/\/www.challenge.ma\/coronavirus-le-modele-sud-coreen-137912\/\">Cliquez ici pour lire l&rsquo;article depuis sa source.<\/a><\/p>\n","protected":false},"excerpt":{"rendered":"<p>L\u2019\u00e9mission Confidences de Presse diffus\u00e9e sur 2M s\u2019est focalis\u00e9e pour la deuxi\u00e8me semaine d\u2019affil\u00e9e sur le coronavirus. Ce dimanche 19 avril, deux experts marocains ont abord\u00e9 la situation dans leurs pays de r\u00e9sidence respectifs. La France et la Cor\u00e9e du Sud font partie des pays ayant enregistr\u00e9 les plus grands nombres de cas de contamination [&hellip;]<\/p>\n","protected":false},"author":1787,"featured_media":0,"comment_status":"closed","ping_status":"closed","sticky":false,"template":"","format":"standard","meta":{"fifu_image_url":"","fifu_image_alt":"","footnotes":""},"categories":[78,54],"tags":[],"class_list":["post-82863","post","type-post","status-publish","format-standard","hentry","category-economie","category-maroc"],"_links":{"self":[{"href":"https:\/\/linitiative.ca\/International\/wp-json\/wp\/v2\/posts\/82863","targetHints":{"allow":["GET"]}}],"collection":[{"href":"https:\/\/linitiative.ca\/International\/wp-json\/wp\/v2\/posts"}],"about":[{"href":"https:\/\/linitiative.ca\/International\/wp-json\/wp\/v2\/types\/post"}],"author":[{"embeddable":true,"href":"https:\/\/linitiative.ca\/International\/wp-json\/wp\/v2\/users\/1787"}],"replies":[{"embeddable":true,"href":"https:\/\/linitiative.ca\/International\/wp-json\/wp\/v2\/comments?post=82863"}],"version-history":[{"count":0,"href":"https:\/\/linitiative.ca\/International\/wp-json\/wp\/v2\/posts\/82863\/revisions"}],"wp:attachment":[{"href":"https:\/\/linitiative.ca\/International\/wp-json\/wp\/v2\/media?parent=82863"}],"wp:term":[{"taxonomy":"category","embeddable":true,"href":"https:\/\/linitiative.ca\/International\/wp-json\/wp\/v2\/categories?post=82863"},{"taxonomy":"post_tag","embeddable":true,"href":"https:\/\/linitiative.ca\/International\/wp-json\/wp\/v2\/tags?post=82863"}],"curies":[{"name":"wp","href":"https:\/\/api.w.org\/{rel}","templated":true}]}}